{"id":2142,"date":"2022-01-25T00:21:54","date_gmt":"2022-01-25T00:21:54","guid":{"rendered":"http:\/\/lahora.mx\/?p=2142"},"modified":"2022-01-25T00:21:54","modified_gmt":"2022-01-25T00:21:54","slug":"imss-ha-otorgado-mas-de-171000-permisos-por-covid-19-en-14-dias","status":"publish","type":"post","link":"https:\/\/lahora.mx\/index.php\/2022\/01\/25\/imss-ha-otorgado-mas-de-171000-permisos-por-covid-19-en-14-dias\/","title":{"rendered":"IMSS ha otorgado m\u00e1s de 171,000 permisos por Covid-19 en 14 d\u00edas"},"content":{"rendered":"<p>El<strong>\u00a0Instituto Mexicano del Seguro Social<\/strong>\u00a0(IMSS) inform\u00f3 que del 10 de enero a este lunes ha otorgado, a trav\u00e9s de la aplicaci\u00f3n\u00a0<strong>IMSS Digital\u00a0<\/strong>y del<strong>\u00a0tr\u00e1mite en l\u00ednea<\/strong>, m\u00e1s de 171,000 autorizaciones del\u00a0<strong>Permiso Covid-19<\/strong>.<\/p>\n<blockquote class=\"twitter-tweet\">\n<p dir=\"ltr\" lang=\"es\"><a href=\"https:\/\/twitter.com\/hashtag\/IMSS?src=hash&amp;ref_src=twsrc%5Etfw\">#IMSS<\/a> ha autorizado m\u00e1s de 171 mil solicitudes del <a href=\"https:\/\/twitter.com\/hashtag\/PermisoCOVID?src=hash&amp;ref_src=twsrc%5Etfw\">#PermisoCOVID<\/a>.<\/p>\n<p>\ud83d\udcf1 <a href=\"https:\/\/t.co\/wnNwOYfqak\">https:\/\/t.co\/wnNwOYfqak<\/a> <a href=\"https:\/\/t.co\/4QubgeDSO3\">pic.twitter.com\/4QubgeDSO3<\/a><\/p>\n<p>\u2014 IMSS (@Tu_IMSS) <a href=\"https:\/\/twitter.com\/Tu_IMSS\/status\/1485689056000311297?ref_src=twsrc%5Etfw\">January 24, 2022<\/a><\/p><\/blockquote>\n<p><script async src=\"https:\/\/platform.twitter.com\/widgets.js\" charset=\"utf-8\"><\/script><\/p>\n<p>&nbsp;<\/p>\n<p>Este tr\u00e1mite se lanz\u00f3 con el fin de agilizar los procesos del IMSS para otorgar\u00a0<strong>incapacidad<\/strong>\u00a0a los trabajadores registrados ante el Instituto que presentan s\u00edntomas respiratorios asociados al\u00a0<strong>coronavirus<\/strong>.<\/p>\n<p>A trav\u00e9s de un comunicado, el IMSS inform\u00f3 que\u00a0el\u00a0<strong>Permiso Covid-19<\/strong>\u00a0s\u00f3lo se puede tramitar una vez\u00a0y hasta por siete d\u00edas. En caso de que el derechohabiente requiera de m\u00e1s tiempo para sanar ante la infecci\u00f3n, este deber\u00e1 acudir con su m\u00e9dico familiar para que se le practique un<strong>\u00a0examen m\u00e9dico<\/strong>\u00a0y se pueda definir la terapia que se debe seguir.<\/p>\n<p>Ante la\u00a0<strong>cuarta ola de coronavirus<\/strong>\u00a0que enfrenta el pa\u00eds, el IMSS facilit\u00f3 la manera en la que se pod\u00eda tramitar un Permiso Covid-19. Este puede realizarse a trav\u00e9s de su aplicaci\u00f3n<strong>\u00a0IMSS Digital<\/strong>\u00a0o por medio de\u00a0su p\u00e1gina web.<\/p>\n<p>Esta medida se lleva a cabo con el fin de evitar que los trabajadores infectados tengan que trasladarse para cobrar el subsidio, correspondiente al 60% de su salario a partir del cuarto d\u00eda de incapacidad, y as\u00ed ayudar a romper la\u00a0<strong>cadena de transmisi\u00f3n<\/strong>\u00a0y cumplir con el resguardo en el hogar.<\/p>\n<p>El\u00a0<strong>Permiso Covid-19<\/strong>\u00a0puede ser solicitado por los derechohabientes que presenten\u00a0<strong>sintomatolog\u00eda de coronavirus<\/strong>, o aquellos\u00a0<strong>trabajadores asintom\u00e1ticos<\/strong>\u00a0que cuenten con una prueba de laboratorio con resultado positivo.<\/p>\n<p>Este permiso no requiere que se presente de manera obligatoria una\u00a0<strong>prueba de Covid-19<\/strong>\u00a0y no est\u00e1 sujeto al sem\u00e1foro epidemiol\u00f3gico, indic\u00f3 el Instituto en el comunicado.<\/p>\n<p>El Permiso Covid-19 tiene una duraci\u00f3n de<strong>\u00a0siete d\u00edas<\/strong>\u00a0para derechohabientes con s\u00edntomas y de\u00a0<strong>cinco d\u00edas<\/strong>\u00a0para personas asintom\u00e1ticas que tienen prueba positiva.<\/p>\n<p>Hasta el domingo,\u00a0M\u00e9xico acumulaba 4 millones 667,829 casos confirmados de coronavirus\u00a0y 303,183 muertes a causa de la enfermedad.<\/p>\n","protected":false},"excerpt":{"rendered":"<p>El\u00a0Instituto Mexicano del Seguro Social\u00a0(IMSS) inform\u00f3 que del 10 de enero a este lunes ha otorgado, a trav\u00e9s de la aplicaci\u00f3n\u00a0IMSS Digital\u00a0y del\u00a0tr\u00e1mite en l\u00ednea, m\u00e1s de 171,000 autorizaciones del\u00a0Permiso Covid-19. #IMSS ha autorizado m\u00e1s de 171 mil solicitudes del #PermisoCOVID. \ud83d\udcf1 https:\/\/t.co\/wnNwOYfqak pic.twitter.com\/4QubgeDSO3 \u2014 IMSS (@Tu_IMSS) January 24, 2022 &nbsp; Este tr\u00e1mite se lanz\u00f3 [&hellip;]<\/p>\n","protected":false},"author":5,"featured_media":1831,"comment_status":"open","ping_status":"open","sticky":false,"template":"","format":"standard","meta":{"om_disable_all_campaigns":false,"_monsterinsights_skip_tracking":false,"_monsterinsights_sitenote_active":false,"_monsterinsights_sitenote_note":"","_monsterinsights_sitenote_category":0,"footnotes":""},"categories":[176],"tags":[],"class_list":["post-2142","post","type-post","status-publish","format-standard","has-post-thumbnail","hentry","category-nacional"],"amp_enabled":true,"_links":{"self":[{"href":"https:\/\/lahora.mx\/index.php\/wp-json\/wp\/v2\/posts\/2142","targetHints":{"allow":["GET"]}}],"collection":[{"href":"https:\/\/lahora.mx\/index.php\/wp-json\/wp\/v2\/posts"}],"about":[{"href":"https:\/\/lahora.mx\/index.php\/wp-json\/wp\/v2\/types\/post"}],"author":[{"embeddable":true,"href":"https:\/\/lahora.mx\/index.php\/wp-json\/wp\/v2\/users\/5"}],"replies":[{"embeddable":true,"href":"https:\/\/lahora.mx\/index.php\/wp-json\/wp\/v2\/comments?post=2142"}],"version-history":[{"count":1,"href":"https:\/\/lahora.mx\/index.php\/wp-json\/wp\/v2\/posts\/2142\/revisions"}],"predecessor-version":[{"id":2143,"href":"https:\/\/lahora.mx\/index.php\/wp-json\/wp\/v2\/posts\/2142\/revisions\/2143"}],"wp:featuredmedia":[{"embeddable":true,"href":"https:\/\/lahora.mx\/index.php\/wp-json\/wp\/v2\/media\/1831"}],"wp:attachment":[{"href":"https:\/\/lahora.mx\/index.php\/wp-json\/wp\/v2\/media?parent=2142"}],"wp:term":[{"taxonomy":"category","embeddable":true,"href":"https:\/\/lahora.mx\/index.php\/wp-json\/wp\/v2\/categories?post=2142"},{"taxonomy":"post_tag","embeddable":true,"href":"https:\/\/lahora.mx\/index.php\/wp-json\/wp\/v2\/tags?post=2142"}],"curies":[{"name":"wp","href":"https:\/\/api.w.org\/{rel}","templated":true}]}}