{"id":21391,"date":"2023-02-13T17:06:34","date_gmt":"2023-02-13T17:06:34","guid":{"rendered":"http:\/\/lahora.mx\/?p=21391"},"modified":"2023-02-13T17:06:34","modified_gmt":"2023-02-13T17:06:34","slug":"reforma-judicial-en-puebla-es-ley-no-tema-de-voluntad-cespedes","status":"publish","type":"post","link":"https:\/\/lahora.mx\/index.php\/2023\/02\/13\/reforma-judicial-en-puebla-es-ley-no-tema-de-voluntad-cespedes\/","title":{"rendered":"Reforma Judicial en Puebla es ley, no tema de voluntad; C\u00e9spedes"},"content":{"rendered":"\n<p>La reforma al Poder Judicial del Estado de Puebla deber\u00e1 implementarse a la brevedad posible, as\u00ed lo sentenci\u00f3 hoy 13 de febrero el gobernador Sergio Salom\u00f3n C\u00e9spedes Peregrina.<\/p>\n\n\n\n<p>En rueda de prensa, el gobernador C\u00e9spedes lanz\u00f3 un contundentemente mensaje a los detractores de la reforma Judicial en Puebla al tiempo que llam\u00f3 al personal a aplicar las modificaciones correspondientes.<br><br>\u00abEl tema de la reforma al Poder Judicial es un mandato de ley tiene que implementarse a la brevedad posible (\u2026), tiene que instalarse esta reforma y tienen que adaptarse todos, no es un tema de voluntad es un tema de mandato de ley\u00bb, fustig\u00f3 el gobernador del estado.<\/p>\n\n\n\n<p>C\u00e9spedes Peregrina calific\u00f3 la reforma aprobada en octubre de 2022 como una iniciativa \u00abvanguardista\u00bb y reconoci\u00f3 que algunos sectores de trabajadores se resisten a aceptar las modificaciones, lo cual dijo, es natural, sin embargo, se\u00f1al\u00f3 que, al haber sido aprobada, esta ley deber\u00e1 ser implementada.<br><br>Expres\u00f3 su respeto por los trabajadores del Poder Judicial en Puebla a quienes pidi\u00f3 privilegiar el di\u00e1logo a fin de adaptarse a todas las modificaciones que contempla la reforma presentada el a\u00f1o pasado por el ex gobernador Miguel Barbosa Huerta.<\/p>\n\n\n\n<p>Argument\u00f3 que la iniciativa favorece a que la sociedad pueda tener un mayor acceso a la justicia por lo que se\u00f1al\u00f3 que es fundamental la aplicaci\u00f3n de la reforma por parte del personal del Poder Judicial en Puebla.<\/p>\n\n\n\n<p>\u00abPorque no se trata de la comodidad de algunos, sino se trata de un acceso pronto, expedito a la justicia, con mucha transparencia, con mucho compromiso, sabemos de la calidad de la \u00e9tica de toda la gente que ha laborado y que labora en el Poder Judicial, es el llamado a todos ellos\u00bb, dijo C\u00e9spedes sobre la Reforma Judicial en Puebla.<\/p>\n","protected":false},"excerpt":{"rendered":"<p>La reforma al Poder Judicial del Estado de Puebla deber\u00e1 implementarse a la brevedad posible, as\u00ed lo sentenci\u00f3 hoy 13 de febrero el gobernador Sergio Salom\u00f3n C\u00e9spedes Peregrina. En rueda de prensa, el gobernador C\u00e9spedes lanz\u00f3 un contundentemente mensaje a los detractores de la reforma Judicial en Puebla al tiempo que llam\u00f3 al personal a [&hellip;]<\/p>\n","protected":false},"author":4,"featured_media":21392,"comment_status":"open","ping_status":"open","sticky":false,"template":"","format":"standard","meta":{"om_disable_all_campaigns":false,"_monsterinsights_skip_tracking":false,"_monsterinsights_sitenote_active":false,"_monsterinsights_sitenote_note":"","_monsterinsights_sitenote_category":0,"footnotes":""},"categories":[175],"tags":[128,223],"class_list":["post-21391","post","type-post","status-publish","format-standard","has-post-thumbnail","hentry","category-local","tag-politics","tag-puebla"],"amp_enabled":true,"_links":{"self":[{"href":"https:\/\/lahora.mx\/index.php\/wp-json\/wp\/v2\/posts\/21391","targetHints":{"allow":["GET"]}}],"collection":[{"href":"https:\/\/lahora.mx\/index.php\/wp-json\/wp\/v2\/posts"}],"about":[{"href":"https:\/\/lahora.mx\/index.php\/wp-json\/wp\/v2\/types\/post"}],"author":[{"embeddable":true,"href":"https:\/\/lahora.mx\/index.php\/wp-json\/wp\/v2\/users\/4"}],"replies":[{"embeddable":true,"href":"https:\/\/lahora.mx\/index.php\/wp-json\/wp\/v2\/comments?post=21391"}],"version-history":[{"count":1,"href":"https:\/\/lahora.mx\/index.php\/wp-json\/wp\/v2\/posts\/21391\/revisions"}],"predecessor-version":[{"id":21393,"href":"https:\/\/lahora.mx\/index.php\/wp-json\/wp\/v2\/posts\/21391\/revisions\/21393"}],"wp:featuredmedia":[{"embeddable":true,"href":"https:\/\/lahora.mx\/index.php\/wp-json\/wp\/v2\/media\/21392"}],"wp:attachment":[{"href":"https:\/\/lahora.mx\/index.php\/wp-json\/wp\/v2\/media?parent=21391"}],"wp:term":[{"taxonomy":"category","embeddable":true,"href":"https:\/\/lahora.mx\/index.php\/wp-json\/wp\/v2\/categories?post=21391"},{"taxonomy":"post_tag","embeddable":true,"href":"https:\/\/lahora.mx\/index.php\/wp-json\/wp\/v2\/tags?post=21391"}],"curies":[{"name":"wp","href":"https:\/\/api.w.org\/{rel}","templated":true}]}}