{"id":21348,"date":"2023-02-12T22:19:19","date_gmt":"2023-02-12T22:19:19","guid":{"rendered":"http:\/\/lahora.mx\/?p=21348"},"modified":"2023-02-12T22:19:19","modified_gmt":"2023-02-12T22:19:19","slug":"balance-de-terremoto-en-turquia-y-siria-se-eleva-a-mas-de-33-mil-muertos","status":"publish","type":"post","link":"https:\/\/lahora.mx\/index.php\/2023\/02\/12\/balance-de-terremoto-en-turquia-y-siria-se-eleva-a-mas-de-33-mil-muertos\/","title":{"rendered":"Balance de terremoto en Turqu\u00eda y Siria se eleva a m\u00e1s de 33 mil muertos"},"content":{"rendered":"\n<p>El balance del devastador terremoto que sacudi\u00f3 el lunes Turqu\u00eda y Siria se elevaba el domingo a 33 mil 179 muertos, seg\u00fan cifras oficiales.<\/p>\n\n\n\n<p>El sismo de magnitud 7,8 dej\u00f3 29 mil 605 muertos en el sur de Turqu\u00eda, anunci\u00f3 el domingo el organismo p\u00fablico de gesti\u00f3n de cat\u00e1strofes de ese pa\u00eds, a los que se a\u00f1aden 3 mil 574 fallecidos en Siria. No obstante, seg\u00fan la ONU, la cifra final pod\u00eda ser dos veces mayor.<\/p>\n","protected":false},"excerpt":{"rendered":"<p>El balance del devastador terremoto que sacudi\u00f3 el lunes Turqu\u00eda y Siria se elevaba el domingo a 33 mil 179 muertos, seg\u00fan cifras oficiales. El sismo de magnitud 7,8 dej\u00f3 29 mil 605 muertos en el sur de Turqu\u00eda, anunci\u00f3 el domingo el organismo p\u00fablico de gesti\u00f3n de cat\u00e1strofes de ese pa\u00eds, a los que [&hellip;]<\/p>\n","protected":false},"author":4,"featured_media":21349,"comment_status":"open","ping_status":"open","sticky":false,"template":"","format":"standard","meta":{"om_disable_all_campaigns":false,"_monsterinsights_skip_tracking":false,"_monsterinsights_sitenote_active":false,"_monsterinsights_sitenote_note":"","_monsterinsights_sitenote_category":0,"footnotes":""},"categories":[183],"tags":[],"class_list":["post-21348","post","type-post","status-publish","format-standard","has-post-thumbnail","hentry","category-internacional"],"amp_enabled":true,"_links":{"self":[{"href":"https:\/\/lahora.mx\/index.php\/wp-json\/wp\/v2\/posts\/21348","targetHints":{"allow":["GET"]}}],"collection":[{"href":"https:\/\/lahora.mx\/index.php\/wp-json\/wp\/v2\/posts"}],"about":[{"href":"https:\/\/lahora.mx\/index.php\/wp-json\/wp\/v2\/types\/post"}],"author":[{"embeddable":true,"href":"https:\/\/lahora.mx\/index.php\/wp-json\/wp\/v2\/users\/4"}],"replies":[{"embeddable":true,"href":"https:\/\/lahora.mx\/index.php\/wp-json\/wp\/v2\/comments?post=21348"}],"version-history":[{"count":1,"href":"https:\/\/lahora.mx\/index.php\/wp-json\/wp\/v2\/posts\/21348\/revisions"}],"predecessor-version":[{"id":21350,"href":"https:\/\/lahora.mx\/index.php\/wp-json\/wp\/v2\/posts\/21348\/revisions\/21350"}],"wp:featuredmedia":[{"embeddable":true,"href":"https:\/\/lahora.mx\/index.php\/wp-json\/wp\/v2\/media\/21349"}],"wp:attachment":[{"href":"https:\/\/lahora.mx\/index.php\/wp-json\/wp\/v2\/media?parent=21348"}],"wp:term":[{"taxonomy":"category","embeddable":true,"href":"https:\/\/lahora.mx\/index.php\/wp-json\/wp\/v2\/categories?post=21348"},{"taxonomy":"post_tag","embeddable":true,"href":"https:\/\/lahora.mx\/index.php\/wp-json\/wp\/v2\/tags?post=21348"}],"curies":[{"name":"wp","href":"https:\/\/api.w.org\/{rel}","templated":true}]}}