{"id":21124,"date":"2023-02-09T23:40:23","date_gmt":"2023-02-09T23:40:23","guid":{"rendered":"http:\/\/lahora.mx\/?p=21124"},"modified":"2023-02-09T23:40:24","modified_gmt":"2023-02-09T23:40:24","slug":"invita-ayuntamiento-de-huamantla-a-participar-en-la-campana-de-corte-de-cabello-gratuito","status":"publish","type":"post","link":"https:\/\/lahora.mx\/index.php\/2023\/02\/09\/invita-ayuntamiento-de-huamantla-a-participar-en-la-campana-de-corte-de-cabello-gratuito\/","title":{"rendered":"Invita ayuntamiento de Huamantla a participar en la campa\u00f1a de corte de cabello gratuito"},"content":{"rendered":"\n<p>Con el prop\u00f3sito de apoyar la economia de las familias huamantlecas, el H. Ayuntamiento de Huamantla, que preside Salvador Santos Cedillo, a trav\u00e9s de la Coordinaci\u00f3n de Juventud, llevar\u00e1 a cabo la campa\u00f1a de corte de cabello gratuito el pr\u00f3ximo jueves 16 de febrero.<\/p>\n\n\n\n<p>Las y los interesados deber\u00e1n asistir a las instalaciones de la Coordinaci\u00f3n de Juventud, ubicadas en bulevar Cuamanco esquina con Reforma, de 10:00 de la ma\u00f1ana a 1:00 de la tarde.<\/p>\n\n\n\n<p>Este beneficio est\u00e1 dirigido al p\u00fablico en general de todas la edades; y quienes quieran participar, deber\u00e1n agendar su cita a trav\u00e9s del n\u00famero telef\u00f3nico (246) 217-34-49; o bien, en las oficinas de Juventud en un horario de 9:00 a 17:00 horas.<\/p>\n\n\n\n<p>Con estas acciones, el gobierno municipal impulsa campa\u00f1as y jornadas en beneficio de las y los huamantlecos.<\/p>\n","protected":false},"excerpt":{"rendered":"<p>Con el prop\u00f3sito de apoyar la economia de las familias huamantlecas, el H. Ayuntamiento de Huamantla, que preside Salvador Santos Cedillo, a trav\u00e9s de la Coordinaci\u00f3n de Juventud, llevar\u00e1 a cabo la campa\u00f1a de corte de cabello gratuito el pr\u00f3ximo jueves 16 de febrero. Las y los interesados deber\u00e1n asistir a las instalaciones de la [&hellip;]<\/p>\n","protected":false},"author":4,"featured_media":21125,"comment_status":"open","ping_status":"open","sticky":false,"template":"","format":"standard","meta":{"om_disable_all_campaigns":false,"_monsterinsights_skip_tracking":false,"_monsterinsights_sitenote_active":false,"_monsterinsights_sitenote_note":"","_monsterinsights_sitenote_category":0,"footnotes":""},"categories":[175],"tags":[223,210],"class_list":["post-21124","post","type-post","status-publish","format-standard","has-post-thumbnail","hentry","category-local","tag-puebla","tag-tlaxcala"],"amp_enabled":true,"_links":{"self":[{"href":"https:\/\/lahora.mx\/index.php\/wp-json\/wp\/v2\/posts\/21124","targetHints":{"allow":["GET"]}}],"collection":[{"href":"https:\/\/lahora.mx\/index.php\/wp-json\/wp\/v2\/posts"}],"about":[{"href":"https:\/\/lahora.mx\/index.php\/wp-json\/wp\/v2\/types\/post"}],"author":[{"embeddable":true,"href":"https:\/\/lahora.mx\/index.php\/wp-json\/wp\/v2\/users\/4"}],"replies":[{"embeddable":true,"href":"https:\/\/lahora.mx\/index.php\/wp-json\/wp\/v2\/comments?post=21124"}],"version-history":[{"count":1,"href":"https:\/\/lahora.mx\/index.php\/wp-json\/wp\/v2\/posts\/21124\/revisions"}],"predecessor-version":[{"id":21126,"href":"https:\/\/lahora.mx\/index.php\/wp-json\/wp\/v2\/posts\/21124\/revisions\/21126"}],"wp:featuredmedia":[{"embeddable":true,"href":"https:\/\/lahora.mx\/index.php\/wp-json\/wp\/v2\/media\/21125"}],"wp:attachment":[{"href":"https:\/\/lahora.mx\/index.php\/wp-json\/wp\/v2\/media?parent=21124"}],"wp:term":[{"taxonomy":"category","embeddable":true,"href":"https:\/\/lahora.mx\/index.php\/wp-json\/wp\/v2\/categories?post=21124"},{"taxonomy":"post_tag","embeddable":true,"href":"https:\/\/lahora.mx\/index.php\/wp-json\/wp\/v2\/tags?post=21124"}],"curies":[{"name":"wp","href":"https:\/\/api.w.org\/{rel}","templated":true}]}}