{"id":21097,"date":"2023-02-09T16:18:02","date_gmt":"2023-02-09T16:18:02","guid":{"rendered":"http:\/\/lahora.mx\/?p=21097"},"modified":"2023-02-09T16:18:02","modified_gmt":"2023-02-09T16:18:02","slug":"ariadna-ayala-entrega-obras-en-valle-sur-y-prados-el-leon","status":"publish","type":"post","link":"https:\/\/lahora.mx\/index.php\/2023\/02\/09\/ariadna-ayala-entrega-obras-en-valle-sur-y-prados-el-leon\/","title":{"rendered":"Ariadna Ayala entrega obras en Valle Sur y Prados El Le\u00f3n"},"content":{"rendered":"\n<p>La presidenta municipal, Ariadna Ayala visit\u00f3 las colonias Valle Sur y Prados El Le\u00f3n para entregar los trabajos concluidos de la rehabilitaci\u00f3n de cancha de usos m\u00faltiples y juegos infantiles, as\u00ed como la segunda etapa de pavimentaci\u00f3n de la calle Nogal respectivamente, acciones que benefician a m\u00e1s de 5 mil habitantes.<\/p>\n\n\n\n<p>En el marco de la Jornada Martes de Atenci\u00f3n Ciudadana, acompa\u00f1ada de vecinos, la edil atlixquense inaugur\u00f3 oficialmente la rehabilitaci\u00f3n de cancha de usos m\u00faltiples y juegos infantiles, misma que incluy\u00f3 el mejoramiento de canchas deportivas, juegos, as\u00ed como \u00e1reas verdes y construcci\u00f3n de banquetas, donde ni\u00f1as, ni\u00f1os, j\u00f3venes, ahora disfrutan de espacios dignos para hacer deporte y sana convivencia.<\/p>\n\n\n\n<p>M\u00e1s tarde, la mun\u00edcipe, acudi\u00f3 a la colonia Prados El Le\u00f3n para entregar los trabajos de pavimentaci\u00f3n de la calle Nogal, la cual fue intervenida a lo largo de 573.53 metros cuadrados, ah\u00ed, Ariadna Ayala reafirm\u00f3 su compromiso de seguir trabajando por el desarrollo de Atlixco, con obras que permitan reforzar el tejido social y que mejoren la calidad de vida de las y los atlixquenses, por su parte vecinos de la colonia manifestaron alegr\u00eda y sentirse satisfechos, pues desde hace 30 a\u00f1os no hab\u00eda sido escuchada su demanda de adoquinamiento para la calle.<\/p>\n","protected":false},"excerpt":{"rendered":"<p>La presidenta municipal, Ariadna Ayala visit\u00f3 las colonias Valle Sur y Prados El Le\u00f3n para entregar los trabajos concluidos de la rehabilitaci\u00f3n de cancha de usos m\u00faltiples y juegos infantiles, as\u00ed como la segunda etapa de pavimentaci\u00f3n de la calle Nogal respectivamente, acciones que benefician a m\u00e1s de 5 mil habitantes. En el marco de [&hellip;]<\/p>\n","protected":false},"author":4,"featured_media":21098,"comment_status":"open","ping_status":"open","sticky":false,"template":"","format":"standard","meta":{"om_disable_all_campaigns":false,"_monsterinsights_skip_tracking":false,"_monsterinsights_sitenote_active":false,"_monsterinsights_sitenote_note":"","_monsterinsights_sitenote_category":0,"footnotes":""},"categories":[175],"tags":[223],"class_list":["post-21097","post","type-post","status-publish","format-standard","has-post-thumbnail","hentry","category-local","tag-puebla"],"amp_enabled":true,"_links":{"self":[{"href":"https:\/\/lahora.mx\/index.php\/wp-json\/wp\/v2\/posts\/21097","targetHints":{"allow":["GET"]}}],"collection":[{"href":"https:\/\/lahora.mx\/index.php\/wp-json\/wp\/v2\/posts"}],"about":[{"href":"https:\/\/lahora.mx\/index.php\/wp-json\/wp\/v2\/types\/post"}],"author":[{"embeddable":true,"href":"https:\/\/lahora.mx\/index.php\/wp-json\/wp\/v2\/users\/4"}],"replies":[{"embeddable":true,"href":"https:\/\/lahora.mx\/index.php\/wp-json\/wp\/v2\/comments?post=21097"}],"version-history":[{"count":1,"href":"https:\/\/lahora.mx\/index.php\/wp-json\/wp\/v2\/posts\/21097\/revisions"}],"predecessor-version":[{"id":21099,"href":"https:\/\/lahora.mx\/index.php\/wp-json\/wp\/v2\/posts\/21097\/revisions\/21099"}],"wp:featuredmedia":[{"embeddable":true,"href":"https:\/\/lahora.mx\/index.php\/wp-json\/wp\/v2\/media\/21098"}],"wp:attachment":[{"href":"https:\/\/lahora.mx\/index.php\/wp-json\/wp\/v2\/media?parent=21097"}],"wp:term":[{"taxonomy":"category","embeddable":true,"href":"https:\/\/lahora.mx\/index.php\/wp-json\/wp\/v2\/categories?post=21097"},{"taxonomy":"post_tag","embeddable":true,"href":"https:\/\/lahora.mx\/index.php\/wp-json\/wp\/v2\/tags?post=21097"}],"curies":[{"name":"wp","href":"https:\/\/api.w.org\/{rel}","templated":true}]}}