{"id":2109,"date":"2022-01-24T15:29:37","date_gmt":"2022-01-24T15:29:37","guid":{"rendered":"http:\/\/lahora.mx\/?p=2109"},"modified":"2022-01-24T15:29:37","modified_gmt":"2022-01-24T15:29:37","slug":"no-hay-pistas-de-los-violadores-y-asesinos-de-la-nina-de-10-anos-en-zoquitlan","status":"publish","type":"post","link":"https:\/\/lahora.mx\/index.php\/2022\/01\/24\/no-hay-pistas-de-los-violadores-y-asesinos-de-la-nina-de-10-anos-en-zoquitlan\/","title":{"rendered":"No hay pistas de los violadores y asesinos de la ni\u00f1a de 10 a\u00f1os en Zoquitl\u00e1n"},"content":{"rendered":"<p>Sin una sola pista las autoridades poblanos investigan el cruel femenicidio de una peque\u00f1a de s\u00f3lo 10 a\u00f1os,\u00a0 se llamaba Maria Isabel quien fue asesinada el pasado 17 de enero cerca de las 19 horas, cuando la menor sali\u00f3 de su casa ubicada en Zoquitl\u00e1n para irse a quedar con su vecina.<br \/>\nA su corta edad, la peque\u00f1a <strong>Mar\u00eda Isabel se convirti\u00f3 en la v\u00edctima n\u00famero 3 de feminicidio en Puebla<\/strong>; su terrible desenlace ocurri\u00f3 el pasado 17 de enero cerca de las 19 horas,\u00a0<strong>cuando la menor sali\u00f3 de su casa ubicada en Zoquitl\u00e1n<\/strong>\u00a0para irse a quedar con su vecina; posteriormente\u00a0<strong>cuando sus padres se\u00a0 enteraron de que nunca lleg\u00f3 a su destino comenzaron a buscarla.<\/strong><\/p>\n<p>Lamentablemente al siguiente d\u00eda fue hallada sin vida y con signos de haber sido abusada sexualmente en el barrio de<strong>\u00a0Coyotzonga<\/strong> perteneciente a Zoquitl\u00e1n; todo apunta a que fueron unos sujetos borrachos que se\u00a0 encontraban en la zona aunque las autoridades siguen sin lograr identificar a los responsables\u00a0<strong><br \/>\n<\/strong>A la zona arrib\u00f3 personal de la Agencia Estatal de Investigaci\u00f3n (AEI), para realizar las investigaciones correspondientes, adem\u00e1s los familiares pidieron justicia\u00a0 y dar con los responsables de tan lamentable feminicidio.<\/p>\n","protected":false},"excerpt":{"rendered":"<p>Sin una sola pista las autoridades poblanos investigan el cruel femenicidio de una peque\u00f1a de s\u00f3lo 10 a\u00f1os,\u00a0 se llamaba Maria Isabel quien fue asesinada el pasado 17 de enero cerca de las 19 horas, cuando la menor sali\u00f3 de su casa ubicada en Zoquitl\u00e1n para irse a quedar con su vecina. A su corta [&hellip;]<\/p>\n","protected":false},"author":4,"featured_media":2110,"comment_status":"open","ping_status":"open","sticky":false,"template":"","format":"standard","meta":{"om_disable_all_campaigns":false,"_monsterinsights_skip_tracking":false,"_monsterinsights_sitenote_active":false,"_monsterinsights_sitenote_note":"","_monsterinsights_sitenote_category":0,"footnotes":""},"categories":[1],"tags":[],"class_list":["post-2109","post","type-post","status-publish","format-standard","has-post-thumbnail","hentry","category-sin-categoria"],"amp_enabled":true,"_links":{"self":[{"href":"https:\/\/lahora.mx\/index.php\/wp-json\/wp\/v2\/posts\/2109","targetHints":{"allow":["GET"]}}],"collection":[{"href":"https:\/\/lahora.mx\/index.php\/wp-json\/wp\/v2\/posts"}],"about":[{"href":"https:\/\/lahora.mx\/index.php\/wp-json\/wp\/v2\/types\/post"}],"author":[{"embeddable":true,"href":"https:\/\/lahora.mx\/index.php\/wp-json\/wp\/v2\/users\/4"}],"replies":[{"embeddable":true,"href":"https:\/\/lahora.mx\/index.php\/wp-json\/wp\/v2\/comments?post=2109"}],"version-history":[{"count":1,"href":"https:\/\/lahora.mx\/index.php\/wp-json\/wp\/v2\/posts\/2109\/revisions"}],"predecessor-version":[{"id":2111,"href":"https:\/\/lahora.mx\/index.php\/wp-json\/wp\/v2\/posts\/2109\/revisions\/2111"}],"wp:featuredmedia":[{"embeddable":true,"href":"https:\/\/lahora.mx\/index.php\/wp-json\/wp\/v2\/media\/2110"}],"wp:attachment":[{"href":"https:\/\/lahora.mx\/index.php\/wp-json\/wp\/v2\/media?parent=2109"}],"wp:term":[{"taxonomy":"category","embeddable":true,"href":"https:\/\/lahora.mx\/index.php\/wp-json\/wp\/v2\/categories?post=2109"},{"taxonomy":"post_tag","embeddable":true,"href":"https:\/\/lahora.mx\/index.php\/wp-json\/wp\/v2\/tags?post=2109"}],"curies":[{"name":"wp","href":"https:\/\/api.w.org\/{rel}","templated":true}]}}