{"id":2089,"date":"2022-01-24T01:37:38","date_gmt":"2022-01-24T01:37:38","guid":{"rendered":"http:\/\/lahora.mx\/?p=2089"},"modified":"2022-01-24T01:37:38","modified_gmt":"2022-01-24T01:37:38","slug":"enfermeria-primera-unidad-en-volver-a-las-aulas-en-la-buap","status":"publish","type":"post","link":"https:\/\/lahora.mx\/index.php\/2022\/01\/24\/enfermeria-primera-unidad-en-volver-a-las-aulas-en-la-buap\/","title":{"rendered":"Enfermer\u00eda, primera unidad en volver a las aulas en la BUAP"},"content":{"rendered":"<p>Los estudiantes de la BUAP regresan a la clases presenciales, de forma escalonada y con protocolos establecidos, para preservar su salud de todo riesgo. Entre otras acciones, la<strong>\u00a0universidad integr\u00f3 un Comit\u00e9 Interno de Supervisi\u00f3n y Bioseguridad en cada escuela,<\/strong>\u00a0facultad e instituto, y los consejos de Unidad Acad\u00e9mica han determinado sus fechas de retorno a la presencialidad.<\/p>\n<p>La primera unidad en aplicarlo ser\u00e1 la<strong>\u00a0Facultad de Enfermer\u00eda,<\/strong>\u00a0este lunes 24 de enero.<\/p>\n<blockquote class=\"twitter-tweet\">\n<p dir=\"ltr\" lang=\"es\">\ud83d\udcdd En el regreso seguro a las actividades presenciales, todas y todos debemos ser responsables y mostrar un m\u00e1ximo esfuerzo y compromiso por respetar y aplicar las medidas de seguridad sanitaria. \ud83d\ude37<\/p>\n<p>\ud83d\uddde Consulta el bolet\u00edn completo aqu\u00ed: <a href=\"https:\/\/t.co\/BRijsN7iMU\">https:\/\/t.co\/BRijsN7iMU<\/a> <a href=\"https:\/\/t.co\/iPnGwkoxQQ\">pic.twitter.com\/iPnGwkoxQQ<\/a><\/p>\n<p>\u2014 BUAP (@BUAPoficial) <a href=\"https:\/\/twitter.com\/BUAPoficial\/status\/1485417077729075205?ref_src=twsrc%5Etfw\">January 24, 2022<\/a><\/p><\/blockquote>\n<p><script async src=\"https:\/\/platform.twitter.com\/widgets.js\" charset=\"utf-8\"><\/script><\/p>\n<p>&nbsp;<\/p>\n<p>Integrados por un coordinador y dos representantes acad\u00e9micos, dos administrativos y dos estudiantes, cada Comit\u00e9 Interno de Supervisi\u00f3n y Bioseguridad, en cada una de sus unidades acad\u00e9micas, tendr\u00e1 a su cargo la\u00a0<strong>revisi\u00f3n peri\u00f3dica de las instalaciones<\/strong>, as\u00ed como la adquisici\u00f3n de insumos y equipos de protecci\u00f3n personal, como gel antibacterial, cubrebocas y term\u00f3metros digitales, entre otros.<\/p>\n<p>De igual forma, vigilar\u00e1 la\u00a0<strong>aplicaci\u00f3n de las medidas de seguridad\u00a0<\/strong>recomendadas por la autoridad sanitaria, adem\u00e1s de detectar a integrantes de la comunidad universitaria con s\u00edntomas sugestivos de COVID-19, a fin de aplicar los protocolos correspondientes y generar el reporte para la Comisi\u00f3n Institucional para el Seguimiento y Evaluaci\u00f3n para la Pandemia por el COVID-19.<\/p>\n","protected":false},"excerpt":{"rendered":"<p>Los estudiantes de la BUAP regresan a la clases presenciales, de forma escalonada y con protocolos establecidos, para preservar su salud de todo riesgo. Entre otras acciones, la\u00a0universidad integr\u00f3 un Comit\u00e9 Interno de Supervisi\u00f3n y Bioseguridad en cada escuela,\u00a0facultad e instituto, y los consejos de Unidad Acad\u00e9mica han determinado sus fechas de retorno a la [&hellip;]<\/p>\n","protected":false},"author":5,"featured_media":2090,"comment_status":"open","ping_status":"open","sticky":false,"template":"","format":"standard","meta":{"om_disable_all_campaigns":false,"_monsterinsights_skip_tracking":false,"_monsterinsights_sitenote_active":false,"_monsterinsights_sitenote_note":"","_monsterinsights_sitenote_category":0,"footnotes":""},"categories":[1],"tags":[223],"class_list":["post-2089","post","type-post","status-publish","format-standard","has-post-thumbnail","hentry","category-sin-categoria","tag-puebla"],"amp_enabled":true,"_links":{"self":[{"href":"https:\/\/lahora.mx\/index.php\/wp-json\/wp\/v2\/posts\/2089","targetHints":{"allow":["GET"]}}],"collection":[{"href":"https:\/\/lahora.mx\/index.php\/wp-json\/wp\/v2\/posts"}],"about":[{"href":"https:\/\/lahora.mx\/index.php\/wp-json\/wp\/v2\/types\/post"}],"author":[{"embeddable":true,"href":"https:\/\/lahora.mx\/index.php\/wp-json\/wp\/v2\/users\/5"}],"replies":[{"embeddable":true,"href":"https:\/\/lahora.mx\/index.php\/wp-json\/wp\/v2\/comments?post=2089"}],"version-history":[{"count":1,"href":"https:\/\/lahora.mx\/index.php\/wp-json\/wp\/v2\/posts\/2089\/revisions"}],"predecessor-version":[{"id":2091,"href":"https:\/\/lahora.mx\/index.php\/wp-json\/wp\/v2\/posts\/2089\/revisions\/2091"}],"wp:featuredmedia":[{"embeddable":true,"href":"https:\/\/lahora.mx\/index.php\/wp-json\/wp\/v2\/media\/2090"}],"wp:attachment":[{"href":"https:\/\/lahora.mx\/index.php\/wp-json\/wp\/v2\/media?parent=2089"}],"wp:term":[{"taxonomy":"category","embeddable":true,"href":"https:\/\/lahora.mx\/index.php\/wp-json\/wp\/v2\/categories?post=2089"},{"taxonomy":"post_tag","embeddable":true,"href":"https:\/\/lahora.mx\/index.php\/wp-json\/wp\/v2\/tags?post=2089"}],"curies":[{"name":"wp","href":"https:\/\/api.w.org\/{rel}","templated":true}]}}