{"id":20774,"date":"2023-02-05T01:05:46","date_gmt":"2023-02-05T01:05:46","guid":{"rendered":"http:\/\/lahora.mx\/?p=20774"},"modified":"2023-02-05T01:39:08","modified_gmt":"2023-02-05T01:39:08","slug":"febrero-de-arte-cultura-y-huehues-en-puebla-capita","status":"publish","type":"post","link":"https:\/\/lahora.mx\/index.php\/2023\/02\/05\/febrero-de-arte-cultura-y-huehues-en-puebla-capita\/","title":{"rendered":"Febrero de arte, cultura y Huehues en Puebla capital"},"content":{"rendered":"\n<p>Inicia el segundo mes del a\u00f1o y el Ayuntamiento de Puebla presidido por Eduardo Rivera P\u00e9rez busca incentivar y difundir las tradiciones, a trav\u00e9s del Instituto Municipal de Arte y Cultura (IMACP) y su cartelera de actividades.<\/p>\n\n\n\n<figure class=\"wp-block-image size-full\"><img fetchpriority=\"high\" decoding=\"async\" width=\"485\" height=\"495\" src=\"https:\/\/lahora.mx\/wp-content\/uploads\/2023\/02\/Captura-de-pantalla-2023-02-04-a-las-18.58.32.png\" alt=\"\" class=\"wp-image-20776\" srcset=\"https:\/\/lahora.mx\/wp-content\/uploads\/2023\/02\/Captura-de-pantalla-2023-02-04-a-las-18.58.32.png 485w, https:\/\/lahora.mx\/wp-content\/uploads\/2023\/02\/Captura-de-pantalla-2023-02-04-a-las-18.58.32-294x300.png 294w\" sizes=\"(max-width: 485px) 100vw, 485px\" \/><\/figure>\n\n\n\n<p>Este es el \u00faltimo fin de semana de la exposici\u00f3n \u00abSABERES. Arte, Tradici\u00f3n y Dise\u00f1o\u00bb en la Galer\u00eda de Palacio Municipal, s\u00e1bado de 10:00 a 22:00 horas y domingo de 10:00 a 20:00 horas. Y se le da la bienvenida al 9\u2070 Festival de Huehues con la presentaci\u00f3n de Gala este 5 de febrero, a las 16:00 horas en el Teatro de la Ciudad, la entrada ser\u00e1 gratuita y el cupo limitado.<\/p>\n\n\n\n<p>Con actividades art\u00edsticas el Centro Hist\u00f3rico de Puebla se alegrar\u00e1, este s\u00e1bado 4 febrero, a las 16:00 horas con P\u00f3lipos -El Rock Contempor\u00e1neo-, en el Parque Jard\u00edn de<br>San Luis, a la misma hora el Grupo Mezcalina se presenta en el Z\u00f3calo y a las 17:00 horas Caminos Cruzados rockear\u00e1 a todo pulm\u00f3n.<\/p>\n\n\n\n<p>El domingo 5 febrero, las y los visitantes podr\u00e1n disfrutar del Coraz\u00f3n de la Ciudad desde las 12:00 horas en compa\u00f1\u00eda de la Banda Sinf\u00f3nica Municipal; a las 16:00 horas con el Ballet de tap, continuando a las 17:00 horas con Yeyo y Banda Puro Hueso.<\/p>\n\n\n\n<p>La oferta art\u00edstica y cultural completa del mes de febrero se podr\u00e1 consultar en las redes sociales del Ayuntamiento de Puebla @PueblaAyto y del Instituto como @IMACP, as\u00ed como en la p\u00e1gina pueblacapital.gob.mx para aprovechar cada una de las actividades.<\/p>\n","protected":false},"excerpt":{"rendered":"<p>Inicia el segundo mes del a\u00f1o y el Ayuntamiento de Puebla presidido por Eduardo Rivera P\u00e9rez busca incentivar y difundir las tradiciones, a trav\u00e9s del Instituto Municipal de Arte y Cultura (IMACP) y su cartelera de actividades. Este es el \u00faltimo fin de semana de la exposici\u00f3n \u00abSABERES. Arte, Tradici\u00f3n y Dise\u00f1o\u00bb en la Galer\u00eda [&hellip;]<\/p>\n","protected":false},"author":4,"featured_media":20775,"comment_status":"open","ping_status":"open","sticky":false,"template":"","format":"standard","meta":{"om_disable_all_campaigns":false,"_monsterinsights_skip_tracking":false,"_monsterinsights_sitenote_active":false,"_monsterinsights_sitenote_note":"","_monsterinsights_sitenote_category":0,"footnotes":""},"categories":[175],"tags":[195,223],"class_list":["post-20774","post","type-post","status-publish","format-standard","has-post-thumbnail","hentry","category-local","tag-principal","tag-puebla"],"amp_enabled":true,"_links":{"self":[{"href":"https:\/\/lahora.mx\/index.php\/wp-json\/wp\/v2\/posts\/20774","targetHints":{"allow":["GET"]}}],"collection":[{"href":"https:\/\/lahora.mx\/index.php\/wp-json\/wp\/v2\/posts"}],"about":[{"href":"https:\/\/lahora.mx\/index.php\/wp-json\/wp\/v2\/types\/post"}],"author":[{"embeddable":true,"href":"https:\/\/lahora.mx\/index.php\/wp-json\/wp\/v2\/users\/4"}],"replies":[{"embeddable":true,"href":"https:\/\/lahora.mx\/index.php\/wp-json\/wp\/v2\/comments?post=20774"}],"version-history":[{"count":2,"href":"https:\/\/lahora.mx\/index.php\/wp-json\/wp\/v2\/posts\/20774\/revisions"}],"predecessor-version":[{"id":20779,"href":"https:\/\/lahora.mx\/index.php\/wp-json\/wp\/v2\/posts\/20774\/revisions\/20779"}],"wp:featuredmedia":[{"embeddable":true,"href":"https:\/\/lahora.mx\/index.php\/wp-json\/wp\/v2\/media\/20775"}],"wp:attachment":[{"href":"https:\/\/lahora.mx\/index.php\/wp-json\/wp\/v2\/media?parent=20774"}],"wp:term":[{"taxonomy":"category","embeddable":true,"href":"https:\/\/lahora.mx\/index.php\/wp-json\/wp\/v2\/categories?post=20774"},{"taxonomy":"post_tag","embeddable":true,"href":"https:\/\/lahora.mx\/index.php\/wp-json\/wp\/v2\/tags?post=20774"}],"curies":[{"name":"wp","href":"https:\/\/api.w.org\/{rel}","templated":true}]}}