{"id":20771,"date":"2023-02-05T00:32:44","date_gmt":"2023-02-05T00:32:44","guid":{"rendered":"http:\/\/lahora.mx\/?p=20771"},"modified":"2023-02-05T00:32:44","modified_gmt":"2023-02-05T00:32:44","slug":"asesinan-a-dos-guardias-de-seguridad-tras-asalto-a-maquiladora-de-tehuacan","status":"publish","type":"post","link":"https:\/\/lahora.mx\/index.php\/2023\/02\/05\/asesinan-a-dos-guardias-de-seguridad-tras-asalto-a-maquiladora-de-tehuacan\/","title":{"rendered":"Asesinan a dos guardias de seguridad tras asalto a maquiladora de Tehuac\u00e1n"},"content":{"rendered":"\n<p>Dos guardias de seguridad fueron asesinados en una maquiladora de Tehuac\u00e1n, aparentemente se trat\u00f3 de un asalto, pues los cables de las c\u00e1maras fueron cortados y se activ\u00f3 la alarma.<\/p>\n\n\n\n<p>Este viernes, los servicios de emergencia fueron alertados sobre dos hombres heridos, al interior de una maquiladora ubicada sobre la 20 Oriente y 9 Norte de la colonia Emiliano Zapata, en Tehuac\u00e1n.<\/p>\n\n\n\n<p>Personal de Protecci\u00f3n Civil y Bomberos de Tehuac\u00e1n fueron alertados y al llegar al sitio, constataron que los sujetos ya hab\u00edan fallecido.<\/p>\n\n\n\n<p>De acuerdo a informaci\u00f3n brindada por los vecinos, informaron que escucharon que se activ\u00f3 la alarma cerca de las 21:00 horas, pero no hicieron caso, posteriormente se escucharon disparos al interior de la empresa, por lo que dieron aviso al 911.<\/p>\n\n\n\n<p>Elementos de Seguridad P\u00fablica tomaron conocimiento del hecho y procedieron a acordonar la zona, tambi\u00e9n arrib\u00f3 el personal del Ej\u00e9rcito Mexicano.<\/p>\n\n\n\n<p>Trascendi\u00f3 que el due\u00f1o de la maquiladora lleg\u00f3 al sitio, e inform\u00f3 que los cables de las c\u00e1maras fueron cortados y provoc\u00f3 que se activara la alarma.<\/p>\n","protected":false},"excerpt":{"rendered":"<p>Dos guardias de seguridad fueron asesinados en una maquiladora de Tehuac\u00e1n, aparentemente se trat\u00f3 de un asalto, pues los cables de las c\u00e1maras fueron cortados y se activ\u00f3 la alarma. Este viernes, los servicios de emergencia fueron alertados sobre dos hombres heridos, al interior de una maquiladora ubicada sobre la 20 Oriente y 9 Norte [&hellip;]<\/p>\n","protected":false},"author":4,"featured_media":20772,"comment_status":"open","ping_status":"open","sticky":false,"template":"","format":"standard","meta":{"om_disable_all_campaigns":false,"_monsterinsights_skip_tracking":false,"_monsterinsights_sitenote_active":false,"_monsterinsights_sitenote_note":"","_monsterinsights_sitenote_category":0,"footnotes":""},"categories":[175],"tags":[223],"class_list":["post-20771","post","type-post","status-publish","format-standard","has-post-thumbnail","hentry","category-local","tag-puebla"],"amp_enabled":true,"_links":{"self":[{"href":"https:\/\/lahora.mx\/index.php\/wp-json\/wp\/v2\/posts\/20771","targetHints":{"allow":["GET"]}}],"collection":[{"href":"https:\/\/lahora.mx\/index.php\/wp-json\/wp\/v2\/posts"}],"about":[{"href":"https:\/\/lahora.mx\/index.php\/wp-json\/wp\/v2\/types\/post"}],"author":[{"embeddable":true,"href":"https:\/\/lahora.mx\/index.php\/wp-json\/wp\/v2\/users\/4"}],"replies":[{"embeddable":true,"href":"https:\/\/lahora.mx\/index.php\/wp-json\/wp\/v2\/comments?post=20771"}],"version-history":[{"count":1,"href":"https:\/\/lahora.mx\/index.php\/wp-json\/wp\/v2\/posts\/20771\/revisions"}],"predecessor-version":[{"id":20773,"href":"https:\/\/lahora.mx\/index.php\/wp-json\/wp\/v2\/posts\/20771\/revisions\/20773"}],"wp:featuredmedia":[{"embeddable":true,"href":"https:\/\/lahora.mx\/index.php\/wp-json\/wp\/v2\/media\/20772"}],"wp:attachment":[{"href":"https:\/\/lahora.mx\/index.php\/wp-json\/wp\/v2\/media?parent=20771"}],"wp:term":[{"taxonomy":"category","embeddable":true,"href":"https:\/\/lahora.mx\/index.php\/wp-json\/wp\/v2\/categories?post=20771"},{"taxonomy":"post_tag","embeddable":true,"href":"https:\/\/lahora.mx\/index.php\/wp-json\/wp\/v2\/tags?post=20771"}],"curies":[{"name":"wp","href":"https:\/\/api.w.org\/{rel}","templated":true}]}}