{"id":20759,"date":"2023-02-04T03:04:17","date_gmt":"2023-02-04T03:04:17","guid":{"rendered":"http:\/\/lahora.mx\/?p=20759"},"modified":"2023-02-04T03:04:18","modified_gmt":"2023-02-04T03:04:18","slug":"con-40-punaladas-hallan-muerto-en-puebla-a-taxista-desaparecido-en-cdmx","status":"publish","type":"post","link":"https:\/\/lahora.mx\/index.php\/2023\/02\/04\/con-40-punaladas-hallan-muerto-en-puebla-a-taxista-desaparecido-en-cdmx\/","title":{"rendered":"Con 40 pu\u00f1aladas, hallan muerto en Puebla a taxista desaparecido en CDMX"},"content":{"rendered":"\n<p>Con alrededor de 40 pu\u00f1aladas un taxista originario de la Ciudad de M\u00e9xico que se encontraba en calidad de desconocido fue hallado muerto en el municipio de Tetela de Ocampo en el estado de Puebla; su unidad de alquiler color rosa con blanco a\u00fan no ha sido localizado.<\/p>\n\n\n\n<p>La ma\u00f1ana del 1 de febrero a las 6:14 horas, Arturo Moreno Aldana de 38 a\u00f1os de edad tom\u00f3 un viaje de la Ciudad de M\u00e9xico hacia Tetela de Ocampo.<br>Para su seguridad y como medida de prevenci\u00f3n, el hombre comparti\u00f3 su ubicaci\u00f3n en tiempo real con sus familiares, quienes despu\u00e9s un tiempo perdieron contacto con \u00e9l.<\/p>\n\n\n\n<p>Al paso de las horas y despu\u00e9s de ver que no regres\u00f3 a casa iniciaron una b\u00fasqueda a trav\u00e9s de redes sociales, donde indicaron detalles de Arturo entre los que se mencion\u00f3 que era conocido como \u201cEl G\u00fcero\u201d, era alto, delgado, de ojos verdes y ten\u00eda barba.<\/p>\n\n\n\n<p>Como se\u00f1as particulares se indic\u00f3 que contaba con varios tatuajes visibles, pues en el brazo izquierdo ten\u00eda el dibujo de una pistola con el nombre de \u201cHelios\u201d, mientras que en el brazo derecho ten\u00eda tatuado el nombre de Carmen; en la espada contaba con otro tatuaje que abarcaba toda la columna y dec\u00eda \u201cArturus\u201d.<\/p>\n\n\n\n<p>Para la familia de Arturo, la b\u00fasqueda termin\u00f3 de la manera en la que menos esperaba, ya que fue encontrado sin vida la tarde de ayer jueves 2 de febrero entre campos de cultivo ubicados en los l\u00edmites de Tepetzintla y Tetela de Ocampo.<\/p>\n\n\n\n<p>Fueron pobladores quienes dieron aviso al n\u00famero de emergencias por lo que al punto se trasladaron param\u00e9dicos y polic\u00edas, los cuales confirmaron que el var\u00f3n ya no ten\u00eda signos vitales debido a m\u00faltiples pu\u00f1aladas.<\/p>\n\n\n\n<p>M\u00e1s tarde, se supo que se trataba del taxista desaparecido en CDMX, cuyos amigos del gremio confirmaron su deceso. Por este caso, la Fiscal\u00eda de Puebla dio inicio a la carpeta de investigaci\u00f3n correspondiente para esclarecer los hechos pues a\u00fan no ha sido localizado.<\/p>\n","protected":false},"excerpt":{"rendered":"<p>Con alrededor de 40 pu\u00f1aladas un taxista originario de la Ciudad de M\u00e9xico que se encontraba en calidad de desconocido fue hallado muerto en el municipio de Tetela de Ocampo en el estado de Puebla; su unidad de alquiler color rosa con blanco a\u00fan no ha sido localizado. La ma\u00f1ana del 1 de febrero a [&hellip;]<\/p>\n","protected":false},"author":4,"featured_media":20760,"comment_status":"open","ping_status":"open","sticky":false,"template":"","format":"standard","meta":{"om_disable_all_campaigns":false,"_monsterinsights_skip_tracking":false,"_monsterinsights_sitenote_active":false,"_monsterinsights_sitenote_note":"","_monsterinsights_sitenote_category":0,"footnotes":""},"categories":[175],"tags":[223],"class_list":["post-20759","post","type-post","status-publish","format-standard","has-post-thumbnail","hentry","category-local","tag-puebla"],"amp_enabled":true,"_links":{"self":[{"href":"https:\/\/lahora.mx\/index.php\/wp-json\/wp\/v2\/posts\/20759","targetHints":{"allow":["GET"]}}],"collection":[{"href":"https:\/\/lahora.mx\/index.php\/wp-json\/wp\/v2\/posts"}],"about":[{"href":"https:\/\/lahora.mx\/index.php\/wp-json\/wp\/v2\/types\/post"}],"author":[{"embeddable":true,"href":"https:\/\/lahora.mx\/index.php\/wp-json\/wp\/v2\/users\/4"}],"replies":[{"embeddable":true,"href":"https:\/\/lahora.mx\/index.php\/wp-json\/wp\/v2\/comments?post=20759"}],"version-history":[{"count":1,"href":"https:\/\/lahora.mx\/index.php\/wp-json\/wp\/v2\/posts\/20759\/revisions"}],"predecessor-version":[{"id":20761,"href":"https:\/\/lahora.mx\/index.php\/wp-json\/wp\/v2\/posts\/20759\/revisions\/20761"}],"wp:featuredmedia":[{"embeddable":true,"href":"https:\/\/lahora.mx\/index.php\/wp-json\/wp\/v2\/media\/20760"}],"wp:attachment":[{"href":"https:\/\/lahora.mx\/index.php\/wp-json\/wp\/v2\/media?parent=20759"}],"wp:term":[{"taxonomy":"category","embeddable":true,"href":"https:\/\/lahora.mx\/index.php\/wp-json\/wp\/v2\/categories?post=20759"},{"taxonomy":"post_tag","embeddable":true,"href":"https:\/\/lahora.mx\/index.php\/wp-json\/wp\/v2\/tags?post=20759"}],"curies":[{"name":"wp","href":"https:\/\/api.w.org\/{rel}","templated":true}]}}