{"id":20756,"date":"2023-02-04T02:14:21","date_gmt":"2023-02-04T02:14:21","guid":{"rendered":"http:\/\/lahora.mx\/?p=20756"},"modified":"2023-02-04T02:14:22","modified_gmt":"2023-02-04T02:14:22","slug":"tlaxcala-tiene-78-medicos-cubanos-y-es-primer-lugar-en-imss-bienestar-adan-augusto","status":"publish","type":"post","link":"https:\/\/lahora.mx\/index.php\/2023\/02\/04\/tlaxcala-tiene-78-medicos-cubanos-y-es-primer-lugar-en-imss-bienestar-adan-augusto\/","title":{"rendered":"Tlaxcala tiene 78 m\u00e9dicos cubanos, y es primer lugar en IMSS-Bienestar: Ad\u00e1n Augusto"},"content":{"rendered":"\n<p>Ad\u00e1n Augusto L\u00f3pez Hern\u00e1ndez, secretario de Gobernaci\u00f3n federal, dijo que Tlaxcala es un ejemplo a nivel nacional al ser el primer lugar en aplicar la estrategia IMSS-Bienestar, con lo que ya trabajan 78 m\u00e9dicos cubanos especialistas en esta entidad.<\/p>\n\n\n\n<p>De gira por este estado, el encargado de la pol\u00edtica interna del pa\u00eds reconoci\u00f3 la coordinaci\u00f3n de Tlaxcala con el gobierno federal, por lo que se han podido aterrizar diferentes programas en beneficio de los m\u00e1s necesitados.<\/p>\n\n\n\n<p>\u201cEs una mujer honesta, capaz, es un lujo tener una gobernadora como Lorena, hay que aprovecharla\u201d, dijo Augusto L\u00f3pez durante la reuni\u00f3n con alcaldes y legisladores en el patio de la casa de Gobierno.<\/p>\n\n\n\n<p>El tabasque\u00f1o dijo que la coordinaci\u00f3n de Tlaxcala con la Federaci\u00f3n es como en pocos estados. Por ello dijo que no es gratuito que haya sido el primer estado que los servicios de salud tuvieran una integralidad, es decir la primera entidad que se sum\u00f3 al programa al IMSS -Bienestar.<\/p>\n\n\n\n<p>\u201cA Lorena no hubo necesidad de convencerla ni insistirle tanto porque ella desde el inicio se sum\u00f3. En Tlaxcala ya se est\u00e1 consolidando. Ha sido un esfuerzo enorme desde el punto de vista t\u00e9cnico, financiero y de recursos humanos, pero es m\u00e1s sencillo cuando hay voluntad\u201d, recalc\u00f3.<\/p>\n\n\n\n<p>El funcionario federal tuvo una intensa gira por Tlaxcala, adonde acudi\u00f3 para inaugurar un albergue para ni\u00f1os migrantes, tener un encuentro con alcaldes y legisladores y posteriormente un di\u00e1logo ciudadano sobre la Reforma Electoral y la gobernabilidad en M\u00e9xico.<\/p>\n","protected":false},"excerpt":{"rendered":"<p>Ad\u00e1n Augusto L\u00f3pez Hern\u00e1ndez, secretario de Gobernaci\u00f3n federal, dijo que Tlaxcala es un ejemplo a nivel nacional al ser el primer lugar en aplicar la estrategia IMSS-Bienestar, con lo que ya trabajan 78 m\u00e9dicos cubanos especialistas en esta entidad. De gira por este estado, el encargado de la pol\u00edtica interna del pa\u00eds reconoci\u00f3 la coordinaci\u00f3n [&hellip;]<\/p>\n","protected":false},"author":4,"featured_media":20757,"comment_status":"open","ping_status":"open","sticky":false,"template":"","format":"standard","meta":{"om_disable_all_campaigns":false,"_monsterinsights_skip_tracking":false,"_monsterinsights_sitenote_active":false,"_monsterinsights_sitenote_note":"","_monsterinsights_sitenote_category":0,"footnotes":""},"categories":[175],"tags":[223,210],"class_list":["post-20756","post","type-post","status-publish","format-standard","has-post-thumbnail","hentry","category-local","tag-puebla","tag-tlaxcala"],"amp_enabled":true,"_links":{"self":[{"href":"https:\/\/lahora.mx\/index.php\/wp-json\/wp\/v2\/posts\/20756","targetHints":{"allow":["GET"]}}],"collection":[{"href":"https:\/\/lahora.mx\/index.php\/wp-json\/wp\/v2\/posts"}],"about":[{"href":"https:\/\/lahora.mx\/index.php\/wp-json\/wp\/v2\/types\/post"}],"author":[{"embeddable":true,"href":"https:\/\/lahora.mx\/index.php\/wp-json\/wp\/v2\/users\/4"}],"replies":[{"embeddable":true,"href":"https:\/\/lahora.mx\/index.php\/wp-json\/wp\/v2\/comments?post=20756"}],"version-history":[{"count":1,"href":"https:\/\/lahora.mx\/index.php\/wp-json\/wp\/v2\/posts\/20756\/revisions"}],"predecessor-version":[{"id":20758,"href":"https:\/\/lahora.mx\/index.php\/wp-json\/wp\/v2\/posts\/20756\/revisions\/20758"}],"wp:featuredmedia":[{"embeddable":true,"href":"https:\/\/lahora.mx\/index.php\/wp-json\/wp\/v2\/media\/20757"}],"wp:attachment":[{"href":"https:\/\/lahora.mx\/index.php\/wp-json\/wp\/v2\/media?parent=20756"}],"wp:term":[{"taxonomy":"category","embeddable":true,"href":"https:\/\/lahora.mx\/index.php\/wp-json\/wp\/v2\/categories?post=20756"},{"taxonomy":"post_tag","embeddable":true,"href":"https:\/\/lahora.mx\/index.php\/wp-json\/wp\/v2\/tags?post=20756"}],"curies":[{"name":"wp","href":"https:\/\/api.w.org\/{rel}","templated":true}]}}