{"id":20753,"date":"2023-02-04T01:53:31","date_gmt":"2023-02-04T01:53:31","guid":{"rendered":"http:\/\/lahora.mx\/?p=20753"},"modified":"2023-02-04T01:53:32","modified_gmt":"2023-02-04T01:53:32","slug":"estado-y-federacion-han-desmantelado-redes-de-trata-de-personas-con-fines-de-explotacion-sexual","status":"publish","type":"post","link":"https:\/\/lahora.mx\/index.php\/2023\/02\/04\/estado-y-federacion-han-desmantelado-redes-de-trata-de-personas-con-fines-de-explotacion-sexual\/","title":{"rendered":"Estado y federaci\u00f3n han desmantelado redes de trata de personas con fines de explotaci\u00f3n sexual"},"content":{"rendered":"\n<p class=\"wp-block-paragraph\">Durante su visita al estado de Tlaxcala, el secretario de Gobernaci\u00f3n, Ad\u00e1n Augusto L\u00f3pez Hern\u00e1ndez, presumi\u00f3 que en un trabajo coordinado entre el estado y la federaci\u00f3n se han desmantelado redes de trata de personas con fines de explotaci\u00f3n sexual.<\/p>\n\n\n\n<p class=\"wp-block-paragraph\">En rueda de prensa, previa a una gira de trabajo por territorio tlaxcalteca este viernes, el funcionario federal reconoci\u00f3, adem\u00e1s, que esa labor coordinada es necesaria porque la entidad es una donde hay mayor incidencia de ese delito.<\/p>\n\n\n\n<p class=\"wp-block-paragraph\">No ofreci\u00f3 m\u00e1s detalles de esa labor, toda vez que se trata de temas sensibles de seguridad nacional y para no entorpecer lo que devenga, pero confi\u00f3 en que a mediados de este a\u00f1o el Estado abandone los altos \u00edndices en trata de personas.<\/p>\n\n\n\n<p class=\"wp-block-paragraph\">En cuanto al tema de pol\u00edtica y ser \u00e9l una de las llamadas \u201ccorcholatas presidenciales\u201d, L\u00f3pez Hern\u00e1ndez sostuvo que todav\u00eda no son tiempos para tomar decisiones al respecto, sino hasta el mes de diciembre de 2023 cuando, tiene entendido, los aspirantes a un cargo de elecci\u00f3n popular en 2024 tendr\u00e1n que renunciar a sus cargos p\u00fablicos.<\/p>\n\n\n\n<p class=\"wp-block-paragraph\">En su caso particular, garantiz\u00f3 que no dejar\u00e1 pendientes en materia de gobernabilidad en el pa\u00eds, en caso de hacer oficial su participaci\u00f3n en el proceso interno de MORENA para elegir a su candidato a la Presidencia de M\u00e9xico.<\/p>\n\n\n\n<p class=\"wp-block-paragraph\">\u201cEl trabajo de garantizar la gobernabilidad del pa\u00eds ocupa las 24 horas del d\u00eda, los 365 d\u00edas del a\u00f1o y eso nos lleva a no tener pendientes, por otra parte, lo hemos mencionado, todo tiene su tiempo, ya vendr\u00e1 el tiempo de pensar en candidaturas y en procesos electorales, en tanto, seguiremos trabajando ah\u00ed al frente de la SEGOB, coordin\u00e1ndonos con los Estados pues no es una tarea menor encomendada y permanentemente estamos en comunicaci\u00f3n con las autoridades (de los tres niveles de Gobierno) y con la sociedad civil. Yo entiendo que va a ser en diciembre de este a\u00f1o cuando se tomar\u00e1n decisiones de otro tipo\u201d.<\/p>\n","protected":false},"excerpt":{"rendered":"<p>Durante su visita al estado de Tlaxcala, el secretario de Gobernaci\u00f3n, Ad\u00e1n Augusto L\u00f3pez Hern\u00e1ndez, presumi\u00f3 que en un trabajo coordinado entre el estado y la federaci\u00f3n se han desmantelado redes de trata de personas con fines de explotaci\u00f3n sexual. En rueda de prensa, previa a una gira de trabajo por territorio tlaxcalteca este viernes, [&hellip;]<\/p>\n","protected":false},"author":4,"featured_media":20754,"comment_status":"open","ping_status":"open","sticky":false,"template":"","format":"standard","meta":{"om_disable_all_campaigns":false,"_monsterinsights_skip_tracking":false,"_monsterinsights_sitenote_active":false,"_monsterinsights_sitenote_note":"","_monsterinsights_sitenote_category":0,"footnotes":""},"categories":[175,176],"tags":[195,210],"class_list":["post-20753","post","type-post","status-publish","format-standard","has-post-thumbnail","hentry","category-local","category-nacional","tag-principal","tag-tlaxcala"],"amp_enabled":true,"_links":{"self":[{"href":"https:\/\/lahora.mx\/index.php\/wp-json\/wp\/v2\/posts\/20753","targetHints":{"allow":["GET"]}}],"collection":[{"href":"https:\/\/lahora.mx\/index.php\/wp-json\/wp\/v2\/posts"}],"about":[{"href":"https:\/\/lahora.mx\/index.php\/wp-json\/wp\/v2\/types\/post"}],"author":[{"embeddable":true,"href":"https:\/\/lahora.mx\/index.php\/wp-json\/wp\/v2\/users\/4"}],"replies":[{"embeddable":true,"href":"https:\/\/lahora.mx\/index.php\/wp-json\/wp\/v2\/comments?post=20753"}],"version-history":[{"count":1,"href":"https:\/\/lahora.mx\/index.php\/wp-json\/wp\/v2\/posts\/20753\/revisions"}],"predecessor-version":[{"id":20755,"href":"https:\/\/lahora.mx\/index.php\/wp-json\/wp\/v2\/posts\/20753\/revisions\/20755"}],"wp:featuredmedia":[{"embeddable":true,"href":"https:\/\/lahora.mx\/index.php\/wp-json\/wp\/v2\/media\/20754"}],"wp:attachment":[{"href":"https:\/\/lahora.mx\/index.php\/wp-json\/wp\/v2\/media?parent=20753"}],"wp:term":[{"taxonomy":"category","embeddable":true,"href":"https:\/\/lahora.mx\/index.php\/wp-json\/wp\/v2\/categories?post=20753"},{"taxonomy":"post_tag","embeddable":true,"href":"https:\/\/lahora.mx\/index.php\/wp-json\/wp\/v2\/tags?post=20753"}],"curies":[{"name":"wp","href":"https:\/\/api.w.org\/{rel}","templated":true}]}}