{"id":20747,"date":"2023-02-03T22:36:47","date_gmt":"2023-02-03T22:36:47","guid":{"rendered":"http:\/\/lahora.mx\/?p=20747"},"modified":"2023-02-03T22:36:47","modified_gmt":"2023-02-03T22:36:47","slug":"exige-pan-renuncia-de-elsa-bracamonte","status":"publish","type":"post","link":"https:\/\/lahora.mx\/index.php\/2023\/02\/03\/exige-pan-renuncia-de-elsa-bracamonte\/","title":{"rendered":"Exige PAN renuncia de Elsa Bracamonte"},"content":{"rendered":"\n<p>Debido a que no se ha revocado ninguna concesi\u00f3n involucrada en accidentes viales, a que m\u00e1s de 50 por ciento de las unidades de transporte p\u00fablico se encuentran obsoletas, y a que hay un presunto desv\u00edo de recursos, la diputada panista Guadalupe Leal Rodr\u00edguez exigi\u00f3 la renuncia de Elsa Mar\u00eda Bracamonte Gonz\u00e1lez a la Secretar\u00eda de Movilidad y Transporte.<\/p>\n\n\n\n<p>Durante la comparecencia de la funcionaria en el Congreso de Puebla por la glosa del Cuarto Informe de Gobierno la legisladora desminti\u00f3 algunas acciones que Bracamonte Gonz\u00e1lez hab\u00eda presentado como logros en el periodo de enero a noviembre de 2022.<\/p>\n\n\n\n<p>La funcionaria afirm\u00f3 que se iniciaron 20 procedimientos administrativos de revocaci\u00f3n de concesi\u00f3n, 59 de cancelaci\u00f3n de permiso y 27 de suspensi\u00f3n de licencia en contra aquellos \u201cque violaron el reglamento de la Ley de Transporte del Estado de Puebla\u201d.<br>Dijo que tampoco se entregaron nuevas concesiones, pues s\u00f3lo se termin\u00f3 con el an\u00e1lisis de estudios t\u00e9cnicos de quienes solicitaron su inscripci\u00f3n, y recalc\u00f3 que en la nueva administraci\u00f3n los permisos s\u00f3lo se entregan a empresas, para acabar con los contratos \u201chombre-cami\u00f3n\u201d.<\/p>\n\n\n\n<p>Al hacer uso de tribuna Leal Rodr\u00edguez present\u00f3 documentaci\u00f3n obtenida en la Plataforma Nacional de Transparencia (PNT) y mediante solicitudes de informaci\u00f3n con la que refut\u00f3 el discurso de la funcionaria estatal y exigi\u00f3 su renuncia.<br>Destac\u00f3 que la secretaria podr\u00eda incurrir en un supuesto desv\u00edo de recursos, ya que present\u00f3 una iniciativa de Ley del Transporte estatal, el 9 de noviembre de 2021, pero d\u00edas despu\u00e9s celebr\u00f3 un contrato por m\u00e1s de un mill\u00f3n de pesos para que se elaborara el ordenamiento.<\/p>\n\n\n\n<p>Lament\u00f3 que se utilizaran recursos para implementar siete v\u00edas recreativas en varios puntos de la entidad, ya que se erogaron m\u00e1s de 200 mil pesos para tal fin, cuando en un inicio organizaciones y colectivos de movilidad no requer\u00eda de recursos para instalarlas.<\/p>\n\n\n\n<p>\u201cNo le soluciona a las personas, no le soluciona a los transportistas, 90 por ciento del transporte, en voz de usted, es chatarra, a los medios los evade, utiliza el transporte p\u00fablico para el acarreo (\u2026) y por ah\u00ed dicen que usted tiene una caja chica (\u2026) Si es consciente de que no ha cumplido con sus funciones y nos queda a deber, lo m\u00e1s sensato es que nos de su renuncia\u201d, pidi\u00f3 la panista.<\/p>\n\n\n\n<p>Leal Rodr\u00edguez record\u00f3 que durante la comparecencia de 2021 la funcionaria estatal se comprometi\u00f3 a modernizar las unidades del transporte p\u00fablico, pues 90 por ciento estaban en mal estado y no contaban con dispositivos de seguridad ni para personas con discapacidad.<\/p>\n\n\n\n<p>Bracamonte Gonz\u00e1lez asegur\u00f3 que todas las deficiencias son producto \u201cde la herencia que dejaron los gobiernos anteriores\u201d e hizo alusi\u00f3n directa a las administraciones panistas; sin embargo, reconoci\u00f3 que hasta el momento 65 por ciento de las unidades del transporte se encuentra \u201cen p\u00e9simas condiciones\u201d y tienen m\u00e1s de 10 a\u00f1os de uso.<\/p>\n\n\n\n<p>Adem\u00e1s, afirm\u00f3, habr\u00eda mejores resultados si contaran con m\u00e1s presupuesto, por lo que pidi\u00f3 a los diputados locales considerarlo para el pr\u00f3ximo Paquete Fiscal 2024.<\/p>\n","protected":false},"excerpt":{"rendered":"<p>Debido a que no se ha revocado ninguna concesi\u00f3n involucrada en accidentes viales, a que m\u00e1s de 50 por ciento de las unidades de transporte p\u00fablico se encuentran obsoletas, y a que hay un presunto desv\u00edo de recursos, la diputada panista Guadalupe Leal Rodr\u00edguez exigi\u00f3 la renuncia de Elsa Mar\u00eda Bracamonte Gonz\u00e1lez a la Secretar\u00eda [&hellip;]<\/p>\n","protected":false},"author":4,"featured_media":20748,"comment_status":"open","ping_status":"open","sticky":false,"template":"","format":"standard","meta":{"om_disable_all_campaigns":false,"_monsterinsights_skip_tracking":false,"_monsterinsights_sitenote_active":false,"_monsterinsights_sitenote_note":"","_monsterinsights_sitenote_category":0,"footnotes":""},"categories":[175],"tags":[227,223],"class_list":["post-20747","post","type-post","status-publish","format-standard","has-post-thumbnail","hentry","category-local","tag-congreso","tag-puebla"],"amp_enabled":true,"_links":{"self":[{"href":"https:\/\/lahora.mx\/index.php\/wp-json\/wp\/v2\/posts\/20747","targetHints":{"allow":["GET"]}}],"collection":[{"href":"https:\/\/lahora.mx\/index.php\/wp-json\/wp\/v2\/posts"}],"about":[{"href":"https:\/\/lahora.mx\/index.php\/wp-json\/wp\/v2\/types\/post"}],"author":[{"embeddable":true,"href":"https:\/\/lahora.mx\/index.php\/wp-json\/wp\/v2\/users\/4"}],"replies":[{"embeddable":true,"href":"https:\/\/lahora.mx\/index.php\/wp-json\/wp\/v2\/comments?post=20747"}],"version-history":[{"count":1,"href":"https:\/\/lahora.mx\/index.php\/wp-json\/wp\/v2\/posts\/20747\/revisions"}],"predecessor-version":[{"id":20749,"href":"https:\/\/lahora.mx\/index.php\/wp-json\/wp\/v2\/posts\/20747\/revisions\/20749"}],"wp:featuredmedia":[{"embeddable":true,"href":"https:\/\/lahora.mx\/index.php\/wp-json\/wp\/v2\/media\/20748"}],"wp:attachment":[{"href":"https:\/\/lahora.mx\/index.php\/wp-json\/wp\/v2\/media?parent=20747"}],"wp:term":[{"taxonomy":"category","embeddable":true,"href":"https:\/\/lahora.mx\/index.php\/wp-json\/wp\/v2\/categories?post=20747"},{"taxonomy":"post_tag","embeddable":true,"href":"https:\/\/lahora.mx\/index.php\/wp-json\/wp\/v2\/tags?post=20747"}],"curies":[{"name":"wp","href":"https:\/\/api.w.org\/{rel}","templated":true}]}}