{"id":2066,"date":"2022-01-24T00:25:01","date_gmt":"2022-01-24T00:25:01","guid":{"rendered":"http:\/\/lahora.mx\/?p=2066"},"modified":"2022-01-24T00:25:01","modified_gmt":"2022-01-24T00:25:01","slug":"caso-del-bebe-muerto-en-puebla-tadeo-es-trasladado-a-cdmx-para-ser-sepultado-de-nuevo","status":"publish","type":"post","link":"https:\/\/lahora.mx\/index.php\/2022\/01\/24\/caso-del-bebe-muerto-en-puebla-tadeo-es-trasladado-a-cdmx-para-ser-sepultado-de-nuevo\/","title":{"rendered":"Caso del beb\u00e9 muerto en Puebla: Tadeo es trasladado a CDMX para ser sepultado de nuevo"},"content":{"rendered":"<p class=\"body-paragraph \">La noche del s\u00e1bado fue trasladado de Puebla a la capital del pa\u00eds, el cuerpo del peque\u00f1o Tadeo para ser sepultado, luego de haber sido exhumado de manera clandestina de un pante\u00f3n de Iztapalapa y encontrado en un basurero en una c\u00e1rcel de Puebla.<\/p>\n<p class=\"body-paragraph \">La Fiscal\u00eda General de Justicia de la Ciudad de M\u00e9xico (FGJCDMX) inform\u00f3 que ofreci\u00f3 acompa\u00f1amiento jur\u00eddico, econ\u00f3mico, psicol\u00f3gico y social a los padres del menor de edad.<\/p>\n<p class=\"body-paragraph \">Una c\u00e9lula multidisciplinaria de la Coordinaci\u00f3n General de Investigaci\u00f3n de Delitos de G\u00e9nero y Atenci\u00f3n a V\u00edctimas, integrada por trabajadora social, psic\u00f3loga cl\u00ednica y asesor jur\u00eddico, junto con personal de la Coordinaci\u00f3n General de Investigaci\u00f3n de Delitos de Alto Impacto, se traslad\u00f3 al estado.<\/p>\n<p class=\"body-paragraph \">En la entidad, la c\u00e9lula del Centro de Apoyo Sociojur\u00eddico a V\u00edctimas de Delito Violento (ADEVI) estableci\u00f3 contacto con la madre y el padre del menor de edad fallecido, para ofrecerles apoyo en el traslado del cuerpo a la Ciudad de M\u00e9xico, as\u00ed como en la gesti\u00f3n de la gratuidad en los servicios funerarios.En tanto, personal ministerial, peritos y detectives de la Polic\u00eda de Investigaci\u00f3n (PDI) de la Fiscal\u00eda de Investigaci\u00f3n de Asuntos Relevantes de la Coordinaci\u00f3n General de Investigaci\u00f3n de Delitos de Alto Impacto realizaron el s\u00e1bado una inspecci\u00f3n en un cementerio de la alcald\u00eda Iztapalapa, en la que realizaron entrevistas con personal del lugar, con la finalidad de ahondar en los hechos ocurridos.<\/p>\n","protected":false},"excerpt":{"rendered":"<p>La noche del s\u00e1bado fue trasladado de Puebla a la capital del pa\u00eds, el cuerpo del peque\u00f1o Tadeo para ser sepultado, luego de haber sido exhumado de manera clandestina de un pante\u00f3n de Iztapalapa y encontrado en un basurero en una c\u00e1rcel de Puebla. La Fiscal\u00eda General de Justicia de la Ciudad de M\u00e9xico (FGJCDMX) [&hellip;]<\/p>\n","protected":false},"author":4,"featured_media":2068,"comment_status":"open","ping_status":"open","sticky":false,"template":"","format":"standard","meta":{"om_disable_all_campaigns":false,"_monsterinsights_skip_tracking":false,"_monsterinsights_sitenote_active":false,"_monsterinsights_sitenote_note":"","_monsterinsights_sitenote_category":0,"footnotes":""},"categories":[175],"tags":[195],"class_list":["post-2066","post","type-post","status-publish","format-standard","has-post-thumbnail","hentry","category-local","tag-principal"],"amp_enabled":true,"_links":{"self":[{"href":"https:\/\/lahora.mx\/index.php\/wp-json\/wp\/v2\/posts\/2066","targetHints":{"allow":["GET"]}}],"collection":[{"href":"https:\/\/lahora.mx\/index.php\/wp-json\/wp\/v2\/posts"}],"about":[{"href":"https:\/\/lahora.mx\/index.php\/wp-json\/wp\/v2\/types\/post"}],"author":[{"embeddable":true,"href":"https:\/\/lahora.mx\/index.php\/wp-json\/wp\/v2\/users\/4"}],"replies":[{"embeddable":true,"href":"https:\/\/lahora.mx\/index.php\/wp-json\/wp\/v2\/comments?post=2066"}],"version-history":[{"count":1,"href":"https:\/\/lahora.mx\/index.php\/wp-json\/wp\/v2\/posts\/2066\/revisions"}],"predecessor-version":[{"id":2069,"href":"https:\/\/lahora.mx\/index.php\/wp-json\/wp\/v2\/posts\/2066\/revisions\/2069"}],"wp:featuredmedia":[{"embeddable":true,"href":"https:\/\/lahora.mx\/index.php\/wp-json\/wp\/v2\/media\/2068"}],"wp:attachment":[{"href":"https:\/\/lahora.mx\/index.php\/wp-json\/wp\/v2\/media?parent=2066"}],"wp:term":[{"taxonomy":"category","embeddable":true,"href":"https:\/\/lahora.mx\/index.php\/wp-json\/wp\/v2\/categories?post=2066"},{"taxonomy":"post_tag","embeddable":true,"href":"https:\/\/lahora.mx\/index.php\/wp-json\/wp\/v2\/tags?post=2066"}],"curies":[{"name":"wp","href":"https:\/\/api.w.org\/{rel}","templated":true}]}}