{"id":20543,"date":"2023-01-31T22:03:44","date_gmt":"2023-01-31T22:03:44","guid":{"rendered":"http:\/\/lahora.mx\/?p=20543"},"modified":"2023-01-31T22:03:44","modified_gmt":"2023-01-31T22:03:44","slug":"morena-en-unidad-y-con-lealtad-por-la-consolidacion-del-proyecto-de-nacion-de-lopez-obrador-enfatiza-armenta","status":"publish","type":"post","link":"https:\/\/lahora.mx\/index.php\/2023\/01\/31\/morena-en-unidad-y-con-lealtad-por-la-consolidacion-del-proyecto-de-nacion-de-lopez-obrador-enfatiza-armenta\/","title":{"rendered":"Morena en unidad y con lealtad por la consolidaci\u00f3n del Proyecto de Naci\u00f3n de L\u00f3pez Obrador enfatiza Armenta"},"content":{"rendered":"\n<p>Se realiz\u00f3 la X Reuni\u00f3n Plenaria del Grupo Parlamentario de Morena (GPM) con la presencia de Claudia Sheinbaum, Ad\u00e1n Augusto L\u00f3pez y Marcelo Ebrard, adem\u00e1s de Ricardo Monreal, Presidente de la JUCOPO y del dirigente nacional del partido, Mario Delgado.<\/p>\n\n\n\n<p>Ciudad de M\u00e9xico. \u201cLas iniciativas del Presidente Andr\u00e9s Manuel L\u00f3pez Obrador han sido recibidas en la C\u00e1mara Alta y, no hay una sola iniciativa o ley secundaria que no haya enviado al grupo parlamentario de Morena sin que haya salido probatoria; por eso el d\u00eda que estuvimos en diciembre con el presidente Andr\u00e9s Manuel los legisladores de Morena reiteramos ese acompa\u00f1amiento que hemos hecho a los instrumentos jur\u00eddicos para materializar la Cuarta Transformaci\u00f3n\u201d remarc\u00f3 el senador Alejandro Armenta.<\/p>\n\n\n\n<p>En su calidad de integrante de ese grupo parlamentario, el presidente del Senado manifest\u00f3 que los resultados parlamentarios, con la coordinaci\u00f3n del senador Ricardo Monreal, est\u00e1n a la vista de las y los mexicanos, traducidas en la defensa de los derechos humanos para mujeres, j\u00f3venes, adultos mayores y para la ni\u00f1ez, en materia de seguridad, salud y reactivaci\u00f3n econ\u00f3mica.<\/p>\n\n\n\n<p>Durante la X Reuni\u00f3n Plenaria del GPM en las instalaciones de Xicot\u00e9ncatl y en presencia de la jefa de Gobierno de la Ciudad de M\u00e9xico Claudia Sheinbaum, del secretario de Gobernaci\u00f3n Ad\u00e1n Augusto L\u00f3pez y del secretario de Relaciones Exteriores, Marcelo Ebrard, adem\u00e1s del Presidente Nacional de Morena Mario Delgado, el legislador Alejandro Armenta coincidi\u00f3 con el Coordinador del GPM Ricardo Monreal, en reforzar la unidad en lo que resta de este a\u00f1o y medio que resta de trabajo legislativo \u201ccon lealtad al presidente L\u00f3pez Obrador, privilegiando el Proyecto de Naci\u00f3n por encima de cualquier inter\u00e9s personal y a favor de la transformaci\u00f3n de M\u00e9xico\u201d remarc\u00f3 el senador poblano.<\/p>\n","protected":false},"excerpt":{"rendered":"<p>Se realiz\u00f3 la X Reuni\u00f3n Plenaria del Grupo Parlamentario de Morena (GPM) con la presencia de Claudia Sheinbaum, Ad\u00e1n Augusto L\u00f3pez y Marcelo Ebrard, adem\u00e1s de Ricardo Monreal, Presidente de la JUCOPO y del dirigente nacional del partido, Mario Delgado. Ciudad de M\u00e9xico. \u201cLas iniciativas del Presidente Andr\u00e9s Manuel L\u00f3pez Obrador han sido recibidas en [&hellip;]<\/p>\n","protected":false},"author":4,"featured_media":20544,"comment_status":"open","ping_status":"open","sticky":false,"template":"","format":"standard","meta":{"om_disable_all_campaigns":false,"_monsterinsights_skip_tracking":false,"_monsterinsights_sitenote_active":false,"_monsterinsights_sitenote_note":"","_monsterinsights_sitenote_category":0,"footnotes":""},"categories":[175],"tags":[],"class_list":["post-20543","post","type-post","status-publish","format-standard","has-post-thumbnail","hentry","category-local"],"amp_enabled":true,"_links":{"self":[{"href":"https:\/\/lahora.mx\/index.php\/wp-json\/wp\/v2\/posts\/20543","targetHints":{"allow":["GET"]}}],"collection":[{"href":"https:\/\/lahora.mx\/index.php\/wp-json\/wp\/v2\/posts"}],"about":[{"href":"https:\/\/lahora.mx\/index.php\/wp-json\/wp\/v2\/types\/post"}],"author":[{"embeddable":true,"href":"https:\/\/lahora.mx\/index.php\/wp-json\/wp\/v2\/users\/4"}],"replies":[{"embeddable":true,"href":"https:\/\/lahora.mx\/index.php\/wp-json\/wp\/v2\/comments?post=20543"}],"version-history":[{"count":1,"href":"https:\/\/lahora.mx\/index.php\/wp-json\/wp\/v2\/posts\/20543\/revisions"}],"predecessor-version":[{"id":20545,"href":"https:\/\/lahora.mx\/index.php\/wp-json\/wp\/v2\/posts\/20543\/revisions\/20545"}],"wp:featuredmedia":[{"embeddable":true,"href":"https:\/\/lahora.mx\/index.php\/wp-json\/wp\/v2\/media\/20544"}],"wp:attachment":[{"href":"https:\/\/lahora.mx\/index.php\/wp-json\/wp\/v2\/media?parent=20543"}],"wp:term":[{"taxonomy":"category","embeddable":true,"href":"https:\/\/lahora.mx\/index.php\/wp-json\/wp\/v2\/categories?post=20543"},{"taxonomy":"post_tag","embeddable":true,"href":"https:\/\/lahora.mx\/index.php\/wp-json\/wp\/v2\/tags?post=20543"}],"curies":[{"name":"wp","href":"https:\/\/api.w.org\/{rel}","templated":true}]}}