{"id":20512,"date":"2023-01-31T17:12:02","date_gmt":"2023-01-31T17:12:02","guid":{"rendered":"http:\/\/lahora.mx\/?p=20512"},"modified":"2023-01-31T17:12:02","modified_gmt":"2023-01-31T17:12:02","slug":"aeromexico-anuncia-vuelos-desde-aifa-a-houston-texas","status":"publish","type":"post","link":"https:\/\/lahora.mx\/index.php\/2023\/01\/31\/aeromexico-anuncia-vuelos-desde-aifa-a-houston-texas\/","title":{"rendered":"Aerom\u00e9xico anuncia vuelos desde AIFA a Houston, Texas"},"content":{"rendered":"\n<p>Aerom\u00e9xico anunci\u00f3 una ruta entre el Aeropuerto Internacional Felipe \u00c1ngeles (AIFA) y el puerto a\u00e9reo de Texas, Estados Unidos, con lo que se convertir\u00e1 en la primera l\u00ednea a\u00e9rea en operar un vuelo entre el nuevo aeropuerto y una ciudad estadounidense.<\/p>\n\n\n\n<p>En un comunicado, la l\u00ednea a\u00e9rea indic\u00f3 que, pese a que Mexico se encuentra en categor\u00eda 2 de seguridad a\u00e9rea, la Administraci\u00f3n Federal de Aviaci\u00f3n (FAA, por sus siglas en ingl\u00e9s) ha autorizado la nueva ruta, al considerar que el AIFA est\u00e1 dentro de la zona del Valle de M\u00e9xico, por lo que, propiamente, no se estar\u00eda abriendo una nueva ruta.<\/p>\n\n\n\n<p>\u201cEsta ruta comenzar\u00e1 operaciones el 1 de mayo del 2023 con un vuelo diario en equipos Embraer 190; los vuelos ya programados a Houston desde el Aeropuerto Internacional de la Ciudad de M\u00e9xico (AICM) seguir\u00e1n siendo atendidos\u201d, detall\u00f3 la aerol\u00ednea.<\/p>\n\n\n\n<p>La empresa dijo que si bien obtuvo las autorizaciones de M\u00e9xico y Estados Unidos, seguir\u00e1 apoyando a la Agencia Federal de Aviaci\u00f3n Civil (AFAC) en la recuperaci\u00f3n de la categor\u00eda, as\u00ed como en el camino para someterse a una nueva auditor\u00eda.<\/p>\n\n\n\n<p><br>El Gobierno de M\u00e9xico espera poder recuperar la categor\u00eda 1 en seguridad a\u00e9rea en los pr\u00f3ximos meses. Habr\u00e1 una sesi\u00f3n de asistencia t\u00e9cnica del 6 al 10 de febrero que definir\u00eda si la autoridad aeron\u00e1utica est\u00e1 en condiciones de someterse a una nueva auditor\u00eda y, con ello, en caso de aprobar, poder recuperar la categor\u00eda en mayo.<\/p>\n\n\n\n<p>\u201cSi no hay nuevos hallazgos, estamos en disposici\u00f3n de que se programe la (nueva) auditor\u00eda, programar\u00edamos de inmediato la auditor\u00eda final, que ser\u00eda al terminar febrero, principios de marzo. A partir de all\u00ed, en 40 d\u00edas nos dar\u00edan resultados, es decir, para abril o para mayo estar\u00eda la resoluci\u00f3n final\u201d, detall\u00f3 Rogelio Jim\u00e9nez Pons, subsecretario de Transportes,<\/p>\n","protected":false},"excerpt":{"rendered":"<p>Aerom\u00e9xico anunci\u00f3 una ruta entre el Aeropuerto Internacional Felipe \u00c1ngeles (AIFA) y el puerto a\u00e9reo de Texas, Estados Unidos, con lo que se convertir\u00e1 en la primera l\u00ednea a\u00e9rea en operar un vuelo entre el nuevo aeropuerto y una ciudad estadounidense. En un comunicado, la l\u00ednea a\u00e9rea indic\u00f3 que, pese a que Mexico se encuentra [&hellip;]<\/p>\n","protected":false},"author":4,"featured_media":20513,"comment_status":"open","ping_status":"open","sticky":false,"template":"","format":"standard","meta":{"om_disable_all_campaigns":false,"_monsterinsights_skip_tracking":false,"_monsterinsights_sitenote_active":false,"_monsterinsights_sitenote_note":"","_monsterinsights_sitenote_category":0,"footnotes":""},"categories":[183],"tags":[],"class_list":["post-20512","post","type-post","status-publish","format-standard","has-post-thumbnail","hentry","category-internacional"],"amp_enabled":true,"_links":{"self":[{"href":"https:\/\/lahora.mx\/index.php\/wp-json\/wp\/v2\/posts\/20512","targetHints":{"allow":["GET"]}}],"collection":[{"href":"https:\/\/lahora.mx\/index.php\/wp-json\/wp\/v2\/posts"}],"about":[{"href":"https:\/\/lahora.mx\/index.php\/wp-json\/wp\/v2\/types\/post"}],"author":[{"embeddable":true,"href":"https:\/\/lahora.mx\/index.php\/wp-json\/wp\/v2\/users\/4"}],"replies":[{"embeddable":true,"href":"https:\/\/lahora.mx\/index.php\/wp-json\/wp\/v2\/comments?post=20512"}],"version-history":[{"count":1,"href":"https:\/\/lahora.mx\/index.php\/wp-json\/wp\/v2\/posts\/20512\/revisions"}],"predecessor-version":[{"id":20514,"href":"https:\/\/lahora.mx\/index.php\/wp-json\/wp\/v2\/posts\/20512\/revisions\/20514"}],"wp:featuredmedia":[{"embeddable":true,"href":"https:\/\/lahora.mx\/index.php\/wp-json\/wp\/v2\/media\/20513"}],"wp:attachment":[{"href":"https:\/\/lahora.mx\/index.php\/wp-json\/wp\/v2\/media?parent=20512"}],"wp:term":[{"taxonomy":"category","embeddable":true,"href":"https:\/\/lahora.mx\/index.php\/wp-json\/wp\/v2\/categories?post=20512"},{"taxonomy":"post_tag","embeddable":true,"href":"https:\/\/lahora.mx\/index.php\/wp-json\/wp\/v2\/tags?post=20512"}],"curies":[{"name":"wp","href":"https:\/\/api.w.org\/{rel}","templated":true}]}}