{"id":20415,"date":"2023-01-29T20:31:04","date_gmt":"2023-01-29T20:31:04","guid":{"rendered":"http:\/\/lahora.mx\/?p=20415"},"modified":"2023-01-29T20:31:05","modified_gmt":"2023-01-29T20:31:05","slug":"proyectan-tren-suburbano-de-pasajeros-tlaxcala-puebla","status":"publish","type":"post","link":"https:\/\/lahora.mx\/index.php\/2023\/01\/29\/proyectan-tren-suburbano-de-pasajeros-tlaxcala-puebla\/","title":{"rendered":"Proyectan tren suburbano de pasajeros Tlaxcala Puebla."},"content":{"rendered":"\n<p>Los gobiernos de Puebla y Tlaxcala comenzaron el an\u00e1lisis para la construcci\u00f3n de un Tren Suburbano de pasajeros que conecte a las ciudades capitales de ambos estados.<\/p>\n\n\n\n<p>La gobernadora de Tlaxcala, Lorena Cu\u00e9llar Cisneros y el gobernador de Puebla, Sergio C\u00e9spedes Peregrina se reunieron con los directivos de Americas International Capital LLC, empresa promotora de este proyecto de movilidad.<\/p>\n\n\n\n<p>El Tren Suburbano de pasajeros Tlaxcala-Puebla, considera un un recorrido de 45 kil\u00f3metros que ahorrar\u00edan tiempo de viaje, y las tarifas de transporte ser\u00edan menores.<\/p>\n","protected":false},"excerpt":{"rendered":"<p>Los gobiernos de Puebla y Tlaxcala comenzaron el an\u00e1lisis para la construcci\u00f3n de un Tren Suburbano de pasajeros que conecte a las ciudades capitales de ambos estados. La gobernadora de Tlaxcala, Lorena Cu\u00e9llar Cisneros y el gobernador de Puebla, Sergio C\u00e9spedes Peregrina se reunieron con los directivos de Americas International Capital LLC, empresa promotora de [&hellip;]<\/p>\n","protected":false},"author":4,"featured_media":20416,"comment_status":"open","ping_status":"open","sticky":false,"template":"","format":"standard","meta":{"om_disable_all_campaigns":false,"_monsterinsights_skip_tracking":false,"_monsterinsights_sitenote_active":false,"_monsterinsights_sitenote_note":"","_monsterinsights_sitenote_category":0,"footnotes":""},"categories":[175],"tags":[223,210],"class_list":["post-20415","post","type-post","status-publish","format-standard","has-post-thumbnail","hentry","category-local","tag-puebla","tag-tlaxcala"],"amp_enabled":true,"_links":{"self":[{"href":"https:\/\/lahora.mx\/index.php\/wp-json\/wp\/v2\/posts\/20415","targetHints":{"allow":["GET"]}}],"collection":[{"href":"https:\/\/lahora.mx\/index.php\/wp-json\/wp\/v2\/posts"}],"about":[{"href":"https:\/\/lahora.mx\/index.php\/wp-json\/wp\/v2\/types\/post"}],"author":[{"embeddable":true,"href":"https:\/\/lahora.mx\/index.php\/wp-json\/wp\/v2\/users\/4"}],"replies":[{"embeddable":true,"href":"https:\/\/lahora.mx\/index.php\/wp-json\/wp\/v2\/comments?post=20415"}],"version-history":[{"count":1,"href":"https:\/\/lahora.mx\/index.php\/wp-json\/wp\/v2\/posts\/20415\/revisions"}],"predecessor-version":[{"id":20417,"href":"https:\/\/lahora.mx\/index.php\/wp-json\/wp\/v2\/posts\/20415\/revisions\/20417"}],"wp:featuredmedia":[{"embeddable":true,"href":"https:\/\/lahora.mx\/index.php\/wp-json\/wp\/v2\/media\/20416"}],"wp:attachment":[{"href":"https:\/\/lahora.mx\/index.php\/wp-json\/wp\/v2\/media?parent=20415"}],"wp:term":[{"taxonomy":"category","embeddable":true,"href":"https:\/\/lahora.mx\/index.php\/wp-json\/wp\/v2\/categories?post=20415"},{"taxonomy":"post_tag","embeddable":true,"href":"https:\/\/lahora.mx\/index.php\/wp-json\/wp\/v2\/tags?post=20415"}],"curies":[{"name":"wp","href":"https:\/\/api.w.org\/{rel}","templated":true}]}}