{"id":20389,"date":"2023-01-28T23:11:22","date_gmt":"2023-01-28T23:11:22","guid":{"rendered":"http:\/\/lahora.mx\/?p=20389"},"modified":"2023-01-28T23:11:23","modified_gmt":"2023-01-28T23:11:23","slug":"contigo-y-con-rumbo-el-arte-y-cultura-se-disfruta-este-fin-de-semana-en-puebla-capital","status":"publish","type":"post","link":"https:\/\/lahora.mx\/index.php\/2023\/01\/28\/contigo-y-con-rumbo-el-arte-y-cultura-se-disfruta-este-fin-de-semana-en-puebla-capital\/","title":{"rendered":"Contigo Y con rumbo el arte y cultura se disfruta este fin de semana en Puebla capital"},"content":{"rendered":"\n<p class=\"wp-block-paragraph\">El Ayuntamiento de Puebla que preside Eduardo Rivera P\u00e9rez contin\u00faa brindando una gran cartelera de actividades a cargo del Instituto Municipal de Arte y Cultura (IMACP) con m\u00fasica, baile, cine, teatro, entre muchas otras opciones de sano esparcimiento.<\/p>\n\n\n\n<p class=\"wp-block-paragraph\">Este s\u00e1bado habr\u00e1 diversas presentaciones iniciando a las 11:00 horas con la muestra de Danza y Teatro \u201cAlas de Libertad\u201d, en el Teatro de la Ciudad; luego a las 16:00 horas en el Jard\u00edn De San Luis \u00ab\u00c1ngeles Marching Band\u00bb contagiar\u00e1 de energ\u00eda a los asistentes; mientras que en el Z\u00f3calo a la misma hora estar\u00e1 la compa\u00f1\u00eda \u00abLa Bella \u00c9poca de Plata Danza, Tango y Folklore\u00bb, y a las 18:30 horas se llevar\u00e1 a cabo el especial Mexicanos en el \u00d3scar: en esta ocasi\u00f3n con Gravedad de Alfonso Cuar\u00f3n.<\/p>\n\n\n\n<p class=\"wp-block-paragraph\">El domingo 29 de enero en el Z\u00f3calo habr\u00e1 diversas actividades, a las 12:00 horas se presenta la Banda Sinf\u00f3nica Municipal, a las 16:00 horas es turno de la compa\u00f1\u00eda de Danza Regional de Puebla y Ballet Ixchel y a las 17:00 horas el cantautor Christian Casta\u00f1eda alegrar\u00e1 la tarde con sus canciones; y a las 18:00 horas el Teatro de la Ciudad abre sus puertas para escuchar la \u201cM\u00fasica del Silencio: La m\u00fasica de las compositoras olvidadas\u201d.<\/p>\n\n\n\n<p class=\"wp-block-paragraph\">Todas las actividades de este fin de semana y del mes de febrero podr\u00e1n consultarse en las redes oficiales del Ayuntamiento, del IMACP, y en la p\u00e1gina pueblacapital.gob.mx.<\/p>\n","protected":false},"excerpt":{"rendered":"<p>El Ayuntamiento de Puebla que preside Eduardo Rivera P\u00e9rez contin\u00faa brindando una gran cartelera de actividades a cargo del Instituto Municipal de Arte y Cultura (IMACP) con m\u00fasica, baile, cine, teatro, entre muchas otras opciones de sano esparcimiento. Este s\u00e1bado habr\u00e1 diversas presentaciones iniciando a las 11:00 horas con la muestra de Danza y Teatro [&hellip;]<\/p>\n","protected":false},"author":4,"featured_media":20390,"comment_status":"open","ping_status":"open","sticky":false,"template":"","format":"standard","meta":{"om_disable_all_campaigns":false,"_monsterinsights_skip_tracking":false,"footnotes":""},"categories":[175],"tags":[195,223],"class_list":["post-20389","post","type-post","status-publish","format-standard","has-post-thumbnail","hentry","category-local","tag-principal","tag-puebla"],"amp_enabled":true,"_links":{"self":[{"href":"https:\/\/lahora.mx\/index.php\/wp-json\/wp\/v2\/posts\/20389","targetHints":{"allow":["GET"]}}],"collection":[{"href":"https:\/\/lahora.mx\/index.php\/wp-json\/wp\/v2\/posts"}],"about":[{"href":"https:\/\/lahora.mx\/index.php\/wp-json\/wp\/v2\/types\/post"}],"author":[{"embeddable":true,"href":"https:\/\/lahora.mx\/index.php\/wp-json\/wp\/v2\/users\/4"}],"replies":[{"embeddable":true,"href":"https:\/\/lahora.mx\/index.php\/wp-json\/wp\/v2\/comments?post=20389"}],"version-history":[{"count":1,"href":"https:\/\/lahora.mx\/index.php\/wp-json\/wp\/v2\/posts\/20389\/revisions"}],"predecessor-version":[{"id":20391,"href":"https:\/\/lahora.mx\/index.php\/wp-json\/wp\/v2\/posts\/20389\/revisions\/20391"}],"wp:featuredmedia":[{"embeddable":true,"href":"https:\/\/lahora.mx\/index.php\/wp-json\/wp\/v2\/media\/20390"}],"wp:attachment":[{"href":"https:\/\/lahora.mx\/index.php\/wp-json\/wp\/v2\/media?parent=20389"}],"wp:term":[{"taxonomy":"category","embeddable":true,"href":"https:\/\/lahora.mx\/index.php\/wp-json\/wp\/v2\/categories?post=20389"},{"taxonomy":"post_tag","embeddable":true,"href":"https:\/\/lahora.mx\/index.php\/wp-json\/wp\/v2\/tags?post=20389"}],"curies":[{"name":"wp","href":"https:\/\/api.w.org\/{rel}","templated":true}]}}