{"id":20297,"date":"2023-01-26T22:39:10","date_gmt":"2023-01-26T22:39:10","guid":{"rendered":"http:\/\/lahora.mx\/?p=20297"},"modified":"2023-01-26T23:06:13","modified_gmt":"2023-01-26T23:06:13","slug":"gobierno-de-puebla-entrega-nuevo-equipo-a-centros-y-unidades-de-rehabilitacion-sedi","status":"publish","type":"post","link":"https:\/\/lahora.mx\/index.php\/2023\/01\/26\/gobierno-de-puebla-entrega-nuevo-equipo-a-centros-y-unidades-de-rehabilitacion-sedi\/","title":{"rendered":"Gobierno de Puebla entrega nuevo equipo a centros y unidades de rehabilitaci\u00f3n SEDI"},"content":{"rendered":"\n<p>El mandatario estatal, Sergio Salom\u00f3n C\u00e9spedes Peregrina, acompa\u00f1ado de la presidenta honoraria del SEDIF, Gaby Bonilla, hicieron entrega de nuevo equipo a los centros y unidades b\u00e1sicas de rehabilitaci\u00f3n de 22 municipios.<br>En su discurso, indic\u00f3 que toda acci\u00f3n orientada a los sistemas DIF no son apoyos, sino un compromiso y un reto pues es un honor servir a quienes m\u00e1s lo necesitan.<\/p>\n\n\n\n<p>Coment\u00f3 que es una obligaci\u00f3n de ley y parte de un gobierno, centrar las pol\u00edticas p\u00fablicas a quienes lo requieren, por lo que deben ser los primeros en dar el ejemplo.<\/p>\n\n\n\n<p>Gaby Bonilla, presidenta honoraria del SEDIF, exhort\u00f3 a responsables de los DIF\u00b4s municipales a mantener el trabajo desarrollado al momento y cuidar este nuevo equipo que reciben las unidades de atenci\u00f3n..<\/p>\n\n\n\n<p>Por su parte Leonor Vargas, directora general del organismo reconoci\u00f3 el compromiso de Gaby Bonilla, pues a pesar del poco tiempo al frente del SEDIF ha mostrado el inter\u00e9s de estar atenta a las necesidades de las personas.<\/p>\n","protected":false},"excerpt":{"rendered":"<p>El mandatario estatal, Sergio Salom\u00f3n C\u00e9spedes Peregrina, acompa\u00f1ado de la presidenta honoraria del SEDIF, Gaby Bonilla, hicieron entrega de nuevo equipo a los centros y unidades b\u00e1sicas de rehabilitaci\u00f3n de 22 municipios.En su discurso, indic\u00f3 que toda acci\u00f3n orientada a los sistemas DIF no son apoyos, sino un compromiso y un reto pues es un [&hellip;]<\/p>\n","protected":false},"author":4,"featured_media":20299,"comment_status":"open","ping_status":"open","sticky":false,"template":"","format":"standard","meta":{"om_disable_all_campaigns":false,"_monsterinsights_skip_tracking":false,"_monsterinsights_sitenote_active":false,"_monsterinsights_sitenote_note":"","_monsterinsights_sitenote_category":0,"footnotes":""},"categories":[175],"tags":[223],"class_list":["post-20297","post","type-post","status-publish","format-standard","has-post-thumbnail","hentry","category-local","tag-puebla"],"amp_enabled":true,"_links":{"self":[{"href":"https:\/\/lahora.mx\/index.php\/wp-json\/wp\/v2\/posts\/20297","targetHints":{"allow":["GET"]}}],"collection":[{"href":"https:\/\/lahora.mx\/index.php\/wp-json\/wp\/v2\/posts"}],"about":[{"href":"https:\/\/lahora.mx\/index.php\/wp-json\/wp\/v2\/types\/post"}],"author":[{"embeddable":true,"href":"https:\/\/lahora.mx\/index.php\/wp-json\/wp\/v2\/users\/4"}],"replies":[{"embeddable":true,"href":"https:\/\/lahora.mx\/index.php\/wp-json\/wp\/v2\/comments?post=20297"}],"version-history":[{"count":1,"href":"https:\/\/lahora.mx\/index.php\/wp-json\/wp\/v2\/posts\/20297\/revisions"}],"predecessor-version":[{"id":20298,"href":"https:\/\/lahora.mx\/index.php\/wp-json\/wp\/v2\/posts\/20297\/revisions\/20298"}],"wp:featuredmedia":[{"embeddable":true,"href":"https:\/\/lahora.mx\/index.php\/wp-json\/wp\/v2\/media\/20299"}],"wp:attachment":[{"href":"https:\/\/lahora.mx\/index.php\/wp-json\/wp\/v2\/media?parent=20297"}],"wp:term":[{"taxonomy":"category","embeddable":true,"href":"https:\/\/lahora.mx\/index.php\/wp-json\/wp\/v2\/categories?post=20297"},{"taxonomy":"post_tag","embeddable":true,"href":"https:\/\/lahora.mx\/index.php\/wp-json\/wp\/v2\/tags?post=20297"}],"curies":[{"name":"wp","href":"https:\/\/api.w.org\/{rel}","templated":true}]}}