{"id":20290,"date":"2023-01-26T22:03:13","date_gmt":"2023-01-26T22:03:13","guid":{"rendered":"http:\/\/lahora.mx\/?p=20290"},"modified":"2023-01-26T22:03:14","modified_gmt":"2023-01-26T22:03:14","slug":"ayuntamiento-de-puebla-pone-en-marcha-mantenimiento-a-la-catedral","status":"publish","type":"post","link":"https:\/\/lahora.mx\/index.php\/2023\/01\/26\/ayuntamiento-de-puebla-pone-en-marcha-mantenimiento-a-la-catedral\/","title":{"rendered":"Ayuntamiento de Puebla pone en marcha mantenimiento a la catedral"},"content":{"rendered":"\n<p>a Catedral de Puebla -baluarte del patrimonio edificado de la ciudad- ya recibe trabajos de mantenimiento y preservaci\u00f3n del inmueble, como parte de un proyecto arquitect\u00f3nico que impulsa el Gobierno Municipal con una inversi\u00f3n de cuatro millones de pesos.<\/p>\n\n\n\n<p>Debido a que desde hace cuatro a\u00f1os el exterior de la Catedral no se atend\u00eda de forma integral, Eduardo Rivera P\u00e9rez, alcalde capitalino, resalt\u00f3 que \u00abesta intervenci\u00f3n es necesaria para mejorar su estado de conservaci\u00f3n\u00bb, por ello los trabajos se centrar\u00e1n en la erradicaci\u00f3n de vegetaci\u00f3n par\u00e1sita en c\u00fapulas, fachadas y torres, as\u00ed como en la impermeabilizaci\u00f3n de cubierta y b\u00f3vedas, el retiro y restituci\u00f3n de aplanados en mal estado y la aplicaci\u00f3n de pintura hidrofugante en muros con aplanados.<\/p>\n\n\n\n<p>Al ser la Catedral uno de los m\u00e1ximos referentes de la riqueza cultural de M\u00e9xico y el mundo, tanto el Monse\u00f1or V\u00edctor S\u00e1nchez Espinosa, Arzobispo de Puebla, como Francisco V\u00e1zquez Ram\u00edrez, Padre Rector del Templo, celebraron que el gobierno local valore el legado arquitect\u00f3nico de la bas\u00edlica con este proyecto de conservaci\u00f3n, el cual destacaron ayudar\u00e1 a mantenerla &#8216;de 10&#8217;, como el punto religioso y tur\u00edstico m\u00e1s visitado en toda la capital.<\/p>\n\n\n\n<p>Estos trabajos de mantenimiento y preservaci\u00f3n estar\u00e1n coordinados por la Gerencia del Centro Hist\u00f3rico y Patrimonio Cultural, que encabeza Berenice Vidal Castel\u00e1n, as\u00ed como de la Secretar\u00eda de Movilidad e Infraestructura, a cargo de Edgar V\u00e9lez Tirado, bajo la supervisi\u00f3n del Instituto Nacional de Antropolog\u00eda e Historia (INAH).<\/p>\n\n\n\n<p>Tambi\u00e9n asistieron al evento Liliana Ortiz P\u00e9rez, Presidenta Honoraria del Sistema Municipal DIF; Ana Mar\u00eda Jim\u00e9nez Ortiz, Regidora Presidenta de la Comisi\u00f3n de Patrimonio y Hacienda P\u00fablica; Ad\u00e1n Dom\u00ednguez S\u00e1nchez, Gerente Municipal; y \u00c1ngel Garc\u00eda Gonz\u00e1lez, Jefe de la Polic\u00eda Centro Hist\u00f3rico.<\/p>\n","protected":false},"excerpt":{"rendered":"<p>a Catedral de Puebla -baluarte del patrimonio edificado de la ciudad- ya recibe trabajos de mantenimiento y preservaci\u00f3n del inmueble, como parte de un proyecto arquitect\u00f3nico que impulsa el Gobierno Municipal con una inversi\u00f3n de cuatro millones de pesos. Debido a que desde hace cuatro a\u00f1os el exterior de la Catedral no se atend\u00eda de [&hellip;]<\/p>\n","protected":false},"author":4,"featured_media":20291,"comment_status":"open","ping_status":"open","sticky":false,"template":"","format":"standard","meta":{"om_disable_all_campaigns":false,"_monsterinsights_skip_tracking":false,"_monsterinsights_sitenote_active":false,"_monsterinsights_sitenote_note":"","_monsterinsights_sitenote_category":0,"footnotes":""},"categories":[175],"tags":[223],"class_list":["post-20290","post","type-post","status-publish","format-standard","has-post-thumbnail","hentry","category-local","tag-puebla"],"amp_enabled":true,"_links":{"self":[{"href":"https:\/\/lahora.mx\/index.php\/wp-json\/wp\/v2\/posts\/20290","targetHints":{"allow":["GET"]}}],"collection":[{"href":"https:\/\/lahora.mx\/index.php\/wp-json\/wp\/v2\/posts"}],"about":[{"href":"https:\/\/lahora.mx\/index.php\/wp-json\/wp\/v2\/types\/post"}],"author":[{"embeddable":true,"href":"https:\/\/lahora.mx\/index.php\/wp-json\/wp\/v2\/users\/4"}],"replies":[{"embeddable":true,"href":"https:\/\/lahora.mx\/index.php\/wp-json\/wp\/v2\/comments?post=20290"}],"version-history":[{"count":1,"href":"https:\/\/lahora.mx\/index.php\/wp-json\/wp\/v2\/posts\/20290\/revisions"}],"predecessor-version":[{"id":20292,"href":"https:\/\/lahora.mx\/index.php\/wp-json\/wp\/v2\/posts\/20290\/revisions\/20292"}],"wp:featuredmedia":[{"embeddable":true,"href":"https:\/\/lahora.mx\/index.php\/wp-json\/wp\/v2\/media\/20291"}],"wp:attachment":[{"href":"https:\/\/lahora.mx\/index.php\/wp-json\/wp\/v2\/media?parent=20290"}],"wp:term":[{"taxonomy":"category","embeddable":true,"href":"https:\/\/lahora.mx\/index.php\/wp-json\/wp\/v2\/categories?post=20290"},{"taxonomy":"post_tag","embeddable":true,"href":"https:\/\/lahora.mx\/index.php\/wp-json\/wp\/v2\/tags?post=20290"}],"curies":[{"name":"wp","href":"https:\/\/api.w.org\/{rel}","templated":true}]}}