{"id":20281,"date":"2023-01-26T16:51:10","date_gmt":"2023-01-26T16:51:10","guid":{"rendered":"http:\/\/lahora.mx\/?p=20281"},"modified":"2023-01-26T16:51:10","modified_gmt":"2023-01-26T16:51:10","slug":"confirma-lopez-obrador-visita-a-puebla-y-tlaxcala","status":"publish","type":"post","link":"https:\/\/lahora.mx\/index.php\/2023\/01\/26\/confirma-lopez-obrador-visita-a-puebla-y-tlaxcala\/","title":{"rendered":"Confirma L\u00f3pez Obrador visita a Puebla y Tlaxcala"},"content":{"rendered":"\n<p>El presidente de M\u00e9xico, Andr\u00e9s Manuel L\u00f3pez Obrador visitar\u00e1 Puebla y Tlaxcala el fin de semana, as\u00ed lo dio a conocer el propio mandatario durante su conferencia ma\u00f1anera de hoy 26 de enero, en la que se\u00f1al\u00f3 que tambi\u00e9n estar\u00e1 en Hidalgo, Morelos y Michoac\u00e1n.<\/p>\n\n\n\n<p>La visita de AMLO en Puebla y Tlaxcala programada para el s\u00e1bado 28 de enero obedece a reuniones con personal del gobierno federal espec\u00edficamente con aquellos que conforman los programas de Bienestar como Banco del Bienestar, las Becas Benito Ju\u00e1rez, Servidores de la Naci\u00f3n lo mismo que los de sembrando vida y programas de salud, detall\u00f3 L\u00f3pez Obrador.<\/p>\n\n\n\n<p>\u201cVamos a hacer reuniones cerradas, p\u00fablicas pero cerradas, porque vamos a hablar con todos los que trabajan atendiendo a la gente de los programas de Bienestar quiero hablar con ellos porque se est\u00e1n abriendo las sucursales del Banco del Bienestar y donde hay una sucursal es como un centro integrador de servicio y vamos a reunirnos\u2026 con ellos quiero hablar, \u00bfpara qu\u00e9?, para que se integren\u201d, adelant\u00f3 el mandatario.<\/p>\n\n\n\n<p>Gobernador C\u00e9spedes invita a AMLO a desfile del 5 de Mayo<br>De igual forma el presidente L\u00f3pez Obrador revel\u00f3 que recientemente recibi\u00f3 la invitaci\u00f3n del gobernador de Puebla, Sergio Salom\u00f3n C\u00e9spedes Peregrina, para asistir a la conmemoraci\u00f3n de la Batalla del 5 de Mayo.<\/p>\n\n\n\n<p>\u201cVamos a ver si puedo, la vez pasada estuve ah\u00ed, es muy probable que participemos en el desfile, es una fecha important\u00edsima y siempre estamos pendientes de Puebla\u201d.<\/p>\n\n\n\n<p>Cabe se\u00f1alar que esta ser\u00eda la primera visita de AMLO en Puebla tras el nombramiento del gobernador C\u00e9spedes luego del fallecimiento del exgobernador Miguel Barbosa Huerta.<\/p>\n\n\n\n<p>Adem\u00e1s de la visita de AMLO en Puebla y Tlaxcala el presidente L\u00f3pez Obrador tambi\u00e9n tendr\u00e1 reuniones de la misma naturaleza, el viernes en Morelia, Michoac\u00e1n y Ciudad de M\u00e9xico. El s\u00e1bado tambi\u00e9n estar\u00e1 en Pachuca, Hidalgo y finalmente el domingo en Morelos.<\/p>\n","protected":false},"excerpt":{"rendered":"<p>El presidente de M\u00e9xico, Andr\u00e9s Manuel L\u00f3pez Obrador visitar\u00e1 Puebla y Tlaxcala el fin de semana, as\u00ed lo dio a conocer el propio mandatario durante su conferencia ma\u00f1anera de hoy 26 de enero, en la que se\u00f1al\u00f3 que tambi\u00e9n estar\u00e1 en Hidalgo, Morelos y Michoac\u00e1n. La visita de AMLO en Puebla y Tlaxcala programada para [&hellip;]<\/p>\n","protected":false},"author":4,"featured_media":20282,"comment_status":"open","ping_status":"open","sticky":false,"template":"","format":"standard","meta":{"om_disable_all_campaigns":false,"_monsterinsights_skip_tracking":false,"_monsterinsights_sitenote_active":false,"_monsterinsights_sitenote_note":"","_monsterinsights_sitenote_category":0,"footnotes":""},"categories":[175],"tags":[223],"class_list":["post-20281","post","type-post","status-publish","format-standard","has-post-thumbnail","hentry","category-local","tag-puebla"],"amp_enabled":true,"_links":{"self":[{"href":"https:\/\/lahora.mx\/index.php\/wp-json\/wp\/v2\/posts\/20281","targetHints":{"allow":["GET"]}}],"collection":[{"href":"https:\/\/lahora.mx\/index.php\/wp-json\/wp\/v2\/posts"}],"about":[{"href":"https:\/\/lahora.mx\/index.php\/wp-json\/wp\/v2\/types\/post"}],"author":[{"embeddable":true,"href":"https:\/\/lahora.mx\/index.php\/wp-json\/wp\/v2\/users\/4"}],"replies":[{"embeddable":true,"href":"https:\/\/lahora.mx\/index.php\/wp-json\/wp\/v2\/comments?post=20281"}],"version-history":[{"count":1,"href":"https:\/\/lahora.mx\/index.php\/wp-json\/wp\/v2\/posts\/20281\/revisions"}],"predecessor-version":[{"id":20283,"href":"https:\/\/lahora.mx\/index.php\/wp-json\/wp\/v2\/posts\/20281\/revisions\/20283"}],"wp:featuredmedia":[{"embeddable":true,"href":"https:\/\/lahora.mx\/index.php\/wp-json\/wp\/v2\/media\/20282"}],"wp:attachment":[{"href":"https:\/\/lahora.mx\/index.php\/wp-json\/wp\/v2\/media?parent=20281"}],"wp:term":[{"taxonomy":"category","embeddable":true,"href":"https:\/\/lahora.mx\/index.php\/wp-json\/wp\/v2\/categories?post=20281"},{"taxonomy":"post_tag","embeddable":true,"href":"https:\/\/lahora.mx\/index.php\/wp-json\/wp\/v2\/tags?post=20281"}],"curies":[{"name":"wp","href":"https:\/\/api.w.org\/{rel}","templated":true}]}}