{"id":20278,"date":"2023-01-26T16:23:04","date_gmt":"2023-01-26T16:23:04","guid":{"rendered":"http:\/\/lahora.mx\/?p=20278"},"modified":"2023-01-26T16:23:05","modified_gmt":"2023-01-26T16:23:05","slug":"adan-agusto-sheinbaum-y-ebrard-participaran-en-la-plenaria-de-la-bancada-de-morena-nacho-mier","status":"publish","type":"post","link":"https:\/\/lahora.mx\/index.php\/2023\/01\/26\/adan-agusto-sheinbaum-y-ebrard-participaran-en-la-plenaria-de-la-bancada-de-morena-nacho-mier\/","title":{"rendered":"Ad\u00e1n Agusto, Sheinbaum y Ebrard participar\u00e1n en la plenaria de la bancada de Morena: Nacho Mier"},"content":{"rendered":"\n<p>El coordinador de los diputados federales de Morena, Ignacio Mier Velazco dio a conocer los pormenores de la Cuarta reuni\u00f3n plenaria del grupo legislativo, contando con la asistencia del secretario de Gobernaci\u00f3n, Ad\u00e1n Augusto L\u00f3pez, la jefa de gobierno de la Ciudad de M\u00e9xico, Claudia Sheinbaum y el canciller Marcelo Ebrard Casaub\u00f3n.<\/p>\n\n\n\n<p>En entrevista con el periodista Ricardo Morales, el legislador poblano detall\u00f3 que ser\u00e1 el 30 de enero cuando inicien las actividades de la reuni\u00f3n plenaria, contando con la participaci\u00f3n de autoridades p\u00fablicas emanadas del partido, debido a la funci\u00f3n que desempe\u00f1an en la vida p\u00fablica.<\/p>\n\n\n\n<p>\u201cVan a estar porque la funci\u00f3n que ejerce lo obligan, el secretario de Gobernaci\u00f3n, gran amigo m\u00edo, va a ir a inaugurarla el lunes por la ma\u00f1ana, al medio d\u00eda estar\u00e1 la jefa de gobierno Claudia Sheinbaum y tambi\u00e9n estar\u00e1 un amigo de hace much\u00edsimos a\u00f1os, el canciller Marcelo Ebrard\u201d, expres\u00f3.<\/p>\n\n\n\n<p>Se tiene contemplado que durante la ma\u00f1ana se lleve a cabo la inauguraci\u00f3n del evento, en donde se contar\u00e1 con la participaci\u00f3n del secretario de Gobernaci\u00f3n, Ad\u00e1n Augusto L\u00f3pez, con quien se ver\u00e1 la agenda del gobierno federal, destacando reformas en materia de aviaci\u00f3n civil.<\/p>\n\n\n\n<p>Mier Velazco se\u00f1al\u00f3 que la importancia de dichas reformas consiste en que se podr\u00e1 generar una mayor apertura para las aerol\u00edneas y que con ello se puedan generar nuevos destinos de viaje para los mexicanos.<\/p>\n\n\n\n<p>Al medio d\u00eda se tiene previsto que se cuente con la asistencia de la jefa de gobierno de la Ciudad de M\u00e9xico, Claudia Sheinbaum, con quien tambi\u00e9n se analizar\u00e1n temas respectos a la administraci\u00f3n p\u00fablica.<\/p>\n\n\n\n<p>Ese mismo d\u00edas, por la tarde acudir\u00e1 el secretario de Relaciones Exteriores, Marcelo Ebrard, con quien se abordar\u00e1n los pormenores de los acuerdos hechos por el presidente Andr\u00e9s Manuel L\u00f3pez Obrador, con el presidente de Estados Unidos Joe Biden y el primer ministro de Canad\u00e1, Justin Trudeau.<\/p>\n","protected":false},"excerpt":{"rendered":"<p>El coordinador de los diputados federales de Morena, Ignacio Mier Velazco dio a conocer los pormenores de la Cuarta reuni\u00f3n plenaria del grupo legislativo, contando con la asistencia del secretario de Gobernaci\u00f3n, Ad\u00e1n Augusto L\u00f3pez, la jefa de gobierno de la Ciudad de M\u00e9xico, Claudia Sheinbaum y el canciller Marcelo Ebrard Casaub\u00f3n. En entrevista con [&hellip;]<\/p>\n","protected":false},"author":4,"featured_media":20279,"comment_status":"open","ping_status":"open","sticky":false,"template":"","format":"standard","meta":{"om_disable_all_campaigns":false,"_monsterinsights_skip_tracking":false,"_monsterinsights_sitenote_active":false,"_monsterinsights_sitenote_note":"","_monsterinsights_sitenote_category":0,"footnotes":""},"categories":[176],"tags":[],"class_list":["post-20278","post","type-post","status-publish","format-standard","has-post-thumbnail","hentry","category-nacional"],"amp_enabled":true,"_links":{"self":[{"href":"https:\/\/lahora.mx\/index.php\/wp-json\/wp\/v2\/posts\/20278","targetHints":{"allow":["GET"]}}],"collection":[{"href":"https:\/\/lahora.mx\/index.php\/wp-json\/wp\/v2\/posts"}],"about":[{"href":"https:\/\/lahora.mx\/index.php\/wp-json\/wp\/v2\/types\/post"}],"author":[{"embeddable":true,"href":"https:\/\/lahora.mx\/index.php\/wp-json\/wp\/v2\/users\/4"}],"replies":[{"embeddable":true,"href":"https:\/\/lahora.mx\/index.php\/wp-json\/wp\/v2\/comments?post=20278"}],"version-history":[{"count":1,"href":"https:\/\/lahora.mx\/index.php\/wp-json\/wp\/v2\/posts\/20278\/revisions"}],"predecessor-version":[{"id":20280,"href":"https:\/\/lahora.mx\/index.php\/wp-json\/wp\/v2\/posts\/20278\/revisions\/20280"}],"wp:featuredmedia":[{"embeddable":true,"href":"https:\/\/lahora.mx\/index.php\/wp-json\/wp\/v2\/media\/20279"}],"wp:attachment":[{"href":"https:\/\/lahora.mx\/index.php\/wp-json\/wp\/v2\/media?parent=20278"}],"wp:term":[{"taxonomy":"category","embeddable":true,"href":"https:\/\/lahora.mx\/index.php\/wp-json\/wp\/v2\/categories?post=20278"},{"taxonomy":"post_tag","embeddable":true,"href":"https:\/\/lahora.mx\/index.php\/wp-json\/wp\/v2\/tags?post=20278"}],"curies":[{"name":"wp","href":"https:\/\/api.w.org\/{rel}","templated":true}]}}