{"id":20272,"date":"2023-01-26T15:38:55","date_gmt":"2023-01-26T15:38:55","guid":{"rendered":"http:\/\/lahora.mx\/?p=20272"},"modified":"2023-01-26T15:38:56","modified_gmt":"2023-01-26T15:38:56","slug":"el-gobernador-sergio-salomon-y-onexpo-descartan-desabasto-de-gasolina","status":"publish","type":"post","link":"https:\/\/lahora.mx\/index.php\/2023\/01\/26\/el-gobernador-sergio-salomon-y-onexpo-descartan-desabasto-de-gasolina\/","title":{"rendered":"El gobernador Sergio Salom\u00f3n y Onexpo descartan desabasto de gasolina"},"content":{"rendered":"\n<p>En este sentido, mencion\u00f3 que apenas hay 55 gasolineras poblanas que est\u00e1n pasando por esta situaci\u00f3n, de las cuales s\u00f3lo 22 est\u00e1n en un estado cr\u00edtico, esto quiere decir que ya no cuentan con alguno de los tres combustibles (magna, premium o di\u00e9sel) para poder comercializar.<\/p>\n\n\n\n<p>\u201cNo hay que caer en p\u00e1nico, hay un problema log\u00edstico, hay un paro por parte del personal sindicalizado por la falta de uniformes, a ra\u00edz del paro se est\u00e1n llevando d\u00edas para solucionarlo, hay un retraso en la log\u00edstica porque operan al 10 por ciento de su capacidad y eso hace que haya retrasos para las gasolineras Pemex en espec\u00edfico\u201d, dijo.<\/p>\n\n\n\n<p>Ante esta situaci\u00f3n, Carlos Le\u00f3n hizo un exhorto a los poblanos a no caer en p\u00e1nico o tomar medidas precipitadas como empezar a llenar los veh\u00edculos, pues en un m\u00e1ximo de 48 horas estar\u00e1 resuelto el conflicto y con ello se restablecer\u00e1 la entrega de combustible a las gasolineras.<\/p>\n\n\n\n<p>Durante su habitual rueda de prensa ma\u00f1anera, el gobernador Sergio Salom\u00f3n C\u00e9spedes tambi\u00e9n hizo un llamado a la mesura en cuanto al posible desabasto de combustible, pues dijo que ya hay reuniones de su gobierno con Pemex para dar soluci\u00f3n a la problem\u00e1tica.<\/p>\n\n\n\n<p>En este sentido, el gobernador explic\u00f3 que Pemex ya se encontraba tomando cartas en el asunto e iban a tener todo el acompa\u00f1amiento por parte del gobierno del estado, incluso reuniones interinstitucionales entre ambas partes.<\/p>\n\n\n\n<p>\u201cNo hay ning\u00fan tipo de foco rojo con respecto al desabasto de gasolina, Pemex ya est\u00e1 muy atento en este tema y nosotros estaremos d\u00e1ndole seguimiento puntual a esto, hoy estaremos reuni\u00e9ndonos para saber que paso seguir\u201d, dijo.<\/p>\n","protected":false},"excerpt":{"rendered":"<p>En este sentido, mencion\u00f3 que apenas hay 55 gasolineras poblanas que est\u00e1n pasando por esta situaci\u00f3n, de las cuales s\u00f3lo 22 est\u00e1n en un estado cr\u00edtico, esto quiere decir que ya no cuentan con alguno de los tres combustibles (magna, premium o di\u00e9sel) para poder comercializar. \u201cNo hay que caer en p\u00e1nico, hay un problema [&hellip;]<\/p>\n","protected":false},"author":4,"featured_media":20273,"comment_status":"open","ping_status":"open","sticky":false,"template":"","format":"standard","meta":{"om_disable_all_campaigns":false,"_monsterinsights_skip_tracking":false,"_monsterinsights_sitenote_active":false,"_monsterinsights_sitenote_note":"","_monsterinsights_sitenote_category":0,"footnotes":""},"categories":[175],"tags":[195,223],"class_list":["post-20272","post","type-post","status-publish","format-standard","has-post-thumbnail","hentry","category-local","tag-principal","tag-puebla"],"amp_enabled":true,"_links":{"self":[{"href":"https:\/\/lahora.mx\/index.php\/wp-json\/wp\/v2\/posts\/20272","targetHints":{"allow":["GET"]}}],"collection":[{"href":"https:\/\/lahora.mx\/index.php\/wp-json\/wp\/v2\/posts"}],"about":[{"href":"https:\/\/lahora.mx\/index.php\/wp-json\/wp\/v2\/types\/post"}],"author":[{"embeddable":true,"href":"https:\/\/lahora.mx\/index.php\/wp-json\/wp\/v2\/users\/4"}],"replies":[{"embeddable":true,"href":"https:\/\/lahora.mx\/index.php\/wp-json\/wp\/v2\/comments?post=20272"}],"version-history":[{"count":1,"href":"https:\/\/lahora.mx\/index.php\/wp-json\/wp\/v2\/posts\/20272\/revisions"}],"predecessor-version":[{"id":20274,"href":"https:\/\/lahora.mx\/index.php\/wp-json\/wp\/v2\/posts\/20272\/revisions\/20274"}],"wp:featuredmedia":[{"embeddable":true,"href":"https:\/\/lahora.mx\/index.php\/wp-json\/wp\/v2\/media\/20273"}],"wp:attachment":[{"href":"https:\/\/lahora.mx\/index.php\/wp-json\/wp\/v2\/media?parent=20272"}],"wp:term":[{"taxonomy":"category","embeddable":true,"href":"https:\/\/lahora.mx\/index.php\/wp-json\/wp\/v2\/categories?post=20272"},{"taxonomy":"post_tag","embeddable":true,"href":"https:\/\/lahora.mx\/index.php\/wp-json\/wp\/v2\/tags?post=20272"}],"curies":[{"name":"wp","href":"https:\/\/api.w.org\/{rel}","templated":true}]}}