{"id":20258,"date":"2023-01-26T03:47:46","date_gmt":"2023-01-26T03:47:46","guid":{"rendered":"http:\/\/lahora.mx\/?p=20258"},"modified":"2023-01-26T03:47:47","modified_gmt":"2023-01-26T03:47:47","slug":"corte-impide-a-fgr-acceso-a-informacion-sin-orden-judicial","status":"publish","type":"post","link":"https:\/\/lahora.mx\/index.php\/2023\/01\/26\/corte-impide-a-fgr-acceso-a-informacion-sin-orden-judicial\/","title":{"rendered":"Corte impide a FGR acceso a informaci\u00f3n  sin orden judicial"},"content":{"rendered":"\n<p>La Primera Sala de la Suprema Corte de Justicia de la Naci\u00f3n (SCJN) resolvi\u00f3 que la Fiscal\u00eda General de la Rep\u00fablica (FGR) no puede tener acceso a la informaci\u00f3n bancaria y financiera, sin contar con la autorizaci\u00f3n previa de un juez.<\/p>\n\n\n\n<p>El proyecto de la ministra Margarita R\u00edos Farjat determin\u00f3, en definitiva, que es inconstitucional este tipo de intervenciones, en la privacidad de una persona sujeta a investigaci\u00f3n, lo que fue aprobado por mayor\u00eda de cuatro votos contra uno.<\/p>\n\n\n\n<p>Se resolvi\u00f3 la inconstitucionalidad del art\u00edculo 142, fracci\u00f3n I, de la Ley de Instituciones de Cr\u00e9dito (LIC), con el que los bancos estaban obligados a entregar informaci\u00f3n al Ministerio P\u00fablico Federal durante la investigaci\u00f3n de un delito, con la simple solicitud.<\/p>\n\n\n\n<p>En la sesi\u00f3n de este mi\u00e9rcoles, la Primera Sala resolvi\u00f3 amparar a Peter Bauer Mengelberg L\u00f3pez, cu\u00f1ado de Jos\u00e9 Luis Vargas Valdez, ex presidente del Tribunal Electoral del Poder Judicial de la Federaci\u00f3n (TEPJF), acusado de defraudaci\u00f3n fiscal en 2019.<\/p>\n\n\n\n<p>La investigaci\u00f3n se bas\u00f3 en una denuncia an\u00f3nima, sobre los contratos que obtuvo su empresa, Consorcio de Litigio Estrat\u00e9gico, por parte de la Comisi\u00f3n Federal de Telecomunicaciones, hoy Instituto Federal de Telecomunicaciones, presuntamente de manera irregular.<\/p>\n\n\n\n<p>Mengelberg L\u00f3pez denunci\u00f3 que la FGR bas\u00f3 sus acusaciones a partir de la revisi\u00f3n irregular de sus movimientos bancarios, sin la autorizaci\u00f3n judicial correspondiente.<\/p>\n","protected":false},"excerpt":{"rendered":"<p>La Primera Sala de la Suprema Corte de Justicia de la Naci\u00f3n (SCJN) resolvi\u00f3 que la Fiscal\u00eda General de la Rep\u00fablica (FGR) no puede tener acceso a la informaci\u00f3n bancaria y financiera, sin contar con la autorizaci\u00f3n previa de un juez. El proyecto de la ministra Margarita R\u00edos Farjat determin\u00f3, en definitiva, que es inconstitucional [&hellip;]<\/p>\n","protected":false},"author":4,"featured_media":20259,"comment_status":"open","ping_status":"open","sticky":false,"template":"","format":"standard","meta":{"om_disable_all_campaigns":false,"_monsterinsights_skip_tracking":false,"_monsterinsights_sitenote_active":false,"_monsterinsights_sitenote_note":"","_monsterinsights_sitenote_category":0,"footnotes":""},"categories":[176],"tags":[],"class_list":["post-20258","post","type-post","status-publish","format-standard","has-post-thumbnail","hentry","category-nacional"],"amp_enabled":true,"_links":{"self":[{"href":"https:\/\/lahora.mx\/index.php\/wp-json\/wp\/v2\/posts\/20258","targetHints":{"allow":["GET"]}}],"collection":[{"href":"https:\/\/lahora.mx\/index.php\/wp-json\/wp\/v2\/posts"}],"about":[{"href":"https:\/\/lahora.mx\/index.php\/wp-json\/wp\/v2\/types\/post"}],"author":[{"embeddable":true,"href":"https:\/\/lahora.mx\/index.php\/wp-json\/wp\/v2\/users\/4"}],"replies":[{"embeddable":true,"href":"https:\/\/lahora.mx\/index.php\/wp-json\/wp\/v2\/comments?post=20258"}],"version-history":[{"count":1,"href":"https:\/\/lahora.mx\/index.php\/wp-json\/wp\/v2\/posts\/20258\/revisions"}],"predecessor-version":[{"id":20260,"href":"https:\/\/lahora.mx\/index.php\/wp-json\/wp\/v2\/posts\/20258\/revisions\/20260"}],"wp:featuredmedia":[{"embeddable":true,"href":"https:\/\/lahora.mx\/index.php\/wp-json\/wp\/v2\/media\/20259"}],"wp:attachment":[{"href":"https:\/\/lahora.mx\/index.php\/wp-json\/wp\/v2\/media?parent=20258"}],"wp:term":[{"taxonomy":"category","embeddable":true,"href":"https:\/\/lahora.mx\/index.php\/wp-json\/wp\/v2\/categories?post=20258"},{"taxonomy":"post_tag","embeddable":true,"href":"https:\/\/lahora.mx\/index.php\/wp-json\/wp\/v2\/tags?post=20258"}],"curies":[{"name":"wp","href":"https:\/\/api.w.org\/{rel}","templated":true}]}}