{"id":20251,"date":"2023-01-26T00:18:42","date_gmt":"2023-01-26T00:18:42","guid":{"rendered":"http:\/\/lahora.mx\/?p=20251"},"modified":"2023-01-26T00:18:42","modified_gmt":"2023-01-26T00:18:42","slug":"asi-luce-el-nuevo-medio-metro-de-sonido-pirata-y-asi-baila-el-paso-de-patito-juan","status":"publish","type":"post","link":"https:\/\/lahora.mx\/index.php\/2023\/01\/26\/asi-luce-el-nuevo-medio-metro-de-sonido-pirata-y-asi-baila-el-paso-de-patito-juan\/","title":{"rendered":"As\u00ed luce el nuevo Medio Metro de Sonido Pirata y as\u00ed baila el paso de Patito Juan"},"content":{"rendered":"\n<p>Tras la gran popularidad que consigui\u00f3 Sonido Pirata y Jos\u00e9 Eduardo Rodr\u00edguez, este \u00faltimo mejor conocido como \u2018Medio Metro\u2019, sorprendi\u00f3 a sus seguidores tras anunciar su separaci\u00f3n, sin embargo, consiguieron muy pronto a un reemplazo, quien se llama Jonathan.<\/p>\n\n\n\n<p>Jonathan se ha ganado el apodo de \u2018Medio Metro\u2019 por tener un gran carisma para bailar y sacar los prohibidos del ritmo sonidero.<\/p>\n\n\n\n<p>El bailar\u00edn hab\u00eda conseguido fama anteriormente tras subir sus videos en Youtube, adem\u00e1s de haberse presentado en televisi\u00f3n abierta como \u201cVenga la Alegr\u00eda\u201d, as\u00ed como verse bailando con algunos influencers.<\/p>\n\n\n\n<p>Medio Metro fue presentado con el Sonido Pirata bailando el \u2018paso de Patito Juan\u2019.<\/p>\n\n\n\n<p>\u00bfC\u00f3mo surgi\u00f3 la pasi\u00f3n por el baile?<\/p>\n\n\n\n<p>Jonathan coment\u00f3 durante una entrevista que dio el valor de la terapia al baile, luego de que sufriera bullying por su baja estatura.<\/p>\n\n\n\n<p>Ante ello, encontr\u00f3 la motivaci\u00f3n en el baile, lo que le ayud\u00f3 a sobreponerse y no hacer caso de las cr\u00edticas destructivas, adem\u00e1s del apoyo de sus amigos.<\/p>\n","protected":false},"excerpt":{"rendered":"<p>Tras la gran popularidad que consigui\u00f3 Sonido Pirata y Jos\u00e9 Eduardo Rodr\u00edguez, este \u00faltimo mejor conocido como \u2018Medio Metro\u2019, sorprendi\u00f3 a sus seguidores tras anunciar su separaci\u00f3n, sin embargo, consiguieron muy pronto a un reemplazo, quien se llama Jonathan. Jonathan se ha ganado el apodo de \u2018Medio Metro\u2019 por tener un gran carisma para bailar [&hellip;]<\/p>\n","protected":false},"author":4,"featured_media":20252,"comment_status":"open","ping_status":"open","sticky":false,"template":"","format":"standard","meta":{"om_disable_all_campaigns":false,"_monsterinsights_skip_tracking":false,"_monsterinsights_sitenote_active":false,"_monsterinsights_sitenote_note":"","_monsterinsights_sitenote_category":0,"footnotes":""},"categories":[3,176],"tags":[],"class_list":["post-20251","post","type-post","status-publish","format-standard","has-post-thumbnail","hentry","category-entretenimiento","category-nacional"],"amp_enabled":true,"_links":{"self":[{"href":"https:\/\/lahora.mx\/index.php\/wp-json\/wp\/v2\/posts\/20251","targetHints":{"allow":["GET"]}}],"collection":[{"href":"https:\/\/lahora.mx\/index.php\/wp-json\/wp\/v2\/posts"}],"about":[{"href":"https:\/\/lahora.mx\/index.php\/wp-json\/wp\/v2\/types\/post"}],"author":[{"embeddable":true,"href":"https:\/\/lahora.mx\/index.php\/wp-json\/wp\/v2\/users\/4"}],"replies":[{"embeddable":true,"href":"https:\/\/lahora.mx\/index.php\/wp-json\/wp\/v2\/comments?post=20251"}],"version-history":[{"count":1,"href":"https:\/\/lahora.mx\/index.php\/wp-json\/wp\/v2\/posts\/20251\/revisions"}],"predecessor-version":[{"id":20253,"href":"https:\/\/lahora.mx\/index.php\/wp-json\/wp\/v2\/posts\/20251\/revisions\/20253"}],"wp:featuredmedia":[{"embeddable":true,"href":"https:\/\/lahora.mx\/index.php\/wp-json\/wp\/v2\/media\/20252"}],"wp:attachment":[{"href":"https:\/\/lahora.mx\/index.php\/wp-json\/wp\/v2\/media?parent=20251"}],"wp:term":[{"taxonomy":"category","embeddable":true,"href":"https:\/\/lahora.mx\/index.php\/wp-json\/wp\/v2\/categories?post=20251"},{"taxonomy":"post_tag","embeddable":true,"href":"https:\/\/lahora.mx\/index.php\/wp-json\/wp\/v2\/tags?post=20251"}],"curies":[{"name":"wp","href":"https:\/\/api.w.org\/{rel}","templated":true}]}}