{"id":20248,"date":"2023-01-25T23:51:33","date_gmt":"2023-01-25T23:51:33","guid":{"rendered":"http:\/\/lahora.mx\/?p=20248"},"modified":"2023-01-25T23:51:34","modified_gmt":"2023-01-25T23:51:34","slug":"frenan-extradicion-de-ovidio-guzman-a-eu","status":"publish","type":"post","link":"https:\/\/lahora.mx\/index.php\/2023\/01\/25\/frenan-extradicion-de-ovidio-guzman-a-eu\/","title":{"rendered":"Frenan extradici\u00f3n de Ovidio Guzm\u00e1n a EU"},"content":{"rendered":"\n<p>Otorgan suspensi\u00f3n definitiva a Ovidio Guzm\u00e1n L\u00f3pez, la cual frena de manera indefinida su entrega a Estados Unidos, mientras se resuelve el amparo que promovi\u00f3 para evitar ser extraditado.<\/p>\n\n\n\n<p>El juez Quinto de Distrito en Materia de Amparo y Juicios Federales en el Estado de M\u00e9xico, Alfonso Alexander L\u00f3pez Moreno, dej\u00f3 claro que su resoluci\u00f3n no paraliza el procedimiento de extradici\u00f3n iniciado contra el presunto l\u00edder de la facci\u00f3n de Los Chapitos, del C\u00e1rtel de Sinaloa.<\/p>\n\n\n\n<p>Por el momento, la libertad personal de Ovidio Guzm\u00e1n quedar\u00e1 a disposici\u00f3n del juez de amparo en el lugar donde se encuentra recluido, es decir, en el penal de m\u00e1xima de seguridad del Altiplano.<\/p>\n\n\n\n<p>La suspensi\u00f3n definitiva, puntualiz\u00f3 el juzgador, prevalecer\u00e1 hasta que se notifique la sentencia en este asunto.<\/p>\n\n\n\n<p>La opini\u00f3n jur\u00eddica que emiten los jueces en procesos de extradici\u00f3n no es vinculante; s\u00f3lo valoran si se cumplen o no los requisitos para entregar a una persona a otra naci\u00f3n. La Secretar\u00eda de Relaciones Exteriores (SRE) es la que tiene la \u00faltima palabra.<\/p>\n\n\n\n<p>Hasta el d\u00eda de hoy, la Fiscal\u00eda General de la Rep\u00fablica (FGR) a\u00fan no ejecuta alguna orden de aprehensi\u00f3n contra Ovidio Guzm\u00e1n, luego del operativo que deriv\u00f3 en su detenci\u00f3n en el poblado de Jes\u00fas Mar\u00eda, en Culiac\u00e1n, Sinaloa.<\/p>\n\n\n\n<p>El pasado 5 de enero, Guzm\u00e1n L\u00f3pez fue aprehendido presuntamente en flagrancia con armas de fuego de uso exclusivo de las Fuerzas Armadas. La detenci\u00f3n estuvo a cargo de elementos de la Guardia Nacional y del Ej\u00e9rcito.<\/p>\n\n\n\n<p>El Rat\u00f3n es requerido por una Corte de Distrito de Columbia por delitos de conspiraci\u00f3n para distribuir coca\u00edna, metanfetamina y mariguana.<\/p>\n","protected":false},"excerpt":{"rendered":"<p>Otorgan suspensi\u00f3n definitiva a Ovidio Guzm\u00e1n L\u00f3pez, la cual frena de manera indefinida su entrega a Estados Unidos, mientras se resuelve el amparo que promovi\u00f3 para evitar ser extraditado. El juez Quinto de Distrito en Materia de Amparo y Juicios Federales en el Estado de M\u00e9xico, Alfonso Alexander L\u00f3pez Moreno, dej\u00f3 claro que su resoluci\u00f3n [&hellip;]<\/p>\n","protected":false},"author":4,"featured_media":20249,"comment_status":"open","ping_status":"open","sticky":false,"template":"","format":"standard","meta":{"om_disable_all_campaigns":false,"_monsterinsights_skip_tracking":false,"_monsterinsights_sitenote_active":false,"_monsterinsights_sitenote_note":"","_monsterinsights_sitenote_category":0,"footnotes":""},"categories":[176],"tags":[195],"class_list":["post-20248","post","type-post","status-publish","format-standard","has-post-thumbnail","hentry","category-nacional","tag-principal"],"amp_enabled":true,"_links":{"self":[{"href":"https:\/\/lahora.mx\/index.php\/wp-json\/wp\/v2\/posts\/20248","targetHints":{"allow":["GET"]}}],"collection":[{"href":"https:\/\/lahora.mx\/index.php\/wp-json\/wp\/v2\/posts"}],"about":[{"href":"https:\/\/lahora.mx\/index.php\/wp-json\/wp\/v2\/types\/post"}],"author":[{"embeddable":true,"href":"https:\/\/lahora.mx\/index.php\/wp-json\/wp\/v2\/users\/4"}],"replies":[{"embeddable":true,"href":"https:\/\/lahora.mx\/index.php\/wp-json\/wp\/v2\/comments?post=20248"}],"version-history":[{"count":1,"href":"https:\/\/lahora.mx\/index.php\/wp-json\/wp\/v2\/posts\/20248\/revisions"}],"predecessor-version":[{"id":20250,"href":"https:\/\/lahora.mx\/index.php\/wp-json\/wp\/v2\/posts\/20248\/revisions\/20250"}],"wp:featuredmedia":[{"embeddable":true,"href":"https:\/\/lahora.mx\/index.php\/wp-json\/wp\/v2\/media\/20249"}],"wp:attachment":[{"href":"https:\/\/lahora.mx\/index.php\/wp-json\/wp\/v2\/media?parent=20248"}],"wp:term":[{"taxonomy":"category","embeddable":true,"href":"https:\/\/lahora.mx\/index.php\/wp-json\/wp\/v2\/categories?post=20248"},{"taxonomy":"post_tag","embeddable":true,"href":"https:\/\/lahora.mx\/index.php\/wp-json\/wp\/v2\/tags?post=20248"}],"curies":[{"name":"wp","href":"https:\/\/api.w.org\/{rel}","templated":true}]}}