{"id":2023,"date":"2022-01-21T23:22:49","date_gmt":"2022-01-21T23:22:49","guid":{"rendered":"http:\/\/lahora.mx\/?p=2023"},"modified":"2022-01-21T23:22:49","modified_gmt":"2022-01-21T23:22:49","slug":"ambulantes-no-se-aduenaran-del-centrorivera-perez","status":"publish","type":"post","link":"https:\/\/lahora.mx\/index.php\/2022\/01\/21\/ambulantes-no-se-aduenaran-del-centrorivera-perez\/","title":{"rendered":"Ambulantes no se adue\u00f1ar\u00e1n del centro:Rivera P\u00e9rez"},"content":{"rendered":"<p>El titular de la\u00a0<strong>Secretar\u00eda de Gobernaci\u00f3n<\/strong>\u00a0del municipio de Puebla, Jorge Cruz Lepe, no descart\u00f3 la intervenci\u00f3n de la<strong>\u00a0fuerza p\u00fablica para retirar del Centro Hist\u00f3rico de la ciudad de Puebla a los vendedores ambulantes<\/strong>, pero aclar\u00f3 que antes se har\u00e1n todos los esfuerzos para una salida dialogada.<br \/>\nDespu\u00e9s de la trifulca registrada la tarde del jueves entre integrantes del Frente de Vendedores Tradicionales y Comerciantes en General del Estado de Puebla y autoridades municipales en el z\u00f3calo, Cruz Lepe se\u00f1al\u00f3 que\u00a0<strong>no permitir\u00e1n que los ambulantes se adue\u00f1en de los espacios donde est\u00e1 prohibido su instalaci\u00f3n.<\/strong><\/p>\n<p>Se\u00f1al\u00f3 que entre los acuerdos pactados con los informales est\u00e1 dejar libre el Z\u00f3calo, El Pari\u00e1n, el Paseo Bravo, el corredor 5 de Mayo, la Avenida Reforma y la Catedral de Puebla, pues son espacios p\u00fablicos para las y los poblanos.<br \/>\nExplic\u00f3 que en caso de que lleguen a instalarse en las zonas antes mencionadas se\u00a0<strong>implementar\u00e1 un operativo para desalojar a los vendedores mediante el convencimiento.<\/strong><\/p>\n<p>\u00abEl di\u00e1logo se simplifica, pero todo tiene un l\u00edmite y cuando hay una necedad de que se ubican en \u00e1reas donde nosotros no lo hemos permitido, debemos actuar con mano dura. La necedad no puede estar por encima de la ley. Tampoco podemos permitir que esta gente, bajo ese supuesto derecho al trabajo, llegu\u00e9 y se instal\u00e9. Ante todo, se agota el di\u00e1logo para evitar que sean levantados\u00bb, apunt\u00f3.<\/p>\n<p>Por su parte, el alcalde\u00a0<strong>Eduardo Rivera P\u00e9rez<\/strong>, advirti\u00f3 que no va a retroceder \u00abni un solo paso\u00bb en el proceso de reordenamiento del comercio informal en el Centro Hist\u00f3rico.\u00bbEstamos dispuestos, como lo hemos demostrado, a dialogar, pero no vamos a caer en provocaciones y no vamos a permitir que nuevamente se vuelva adue\u00f1ar el comercio ambulante de las calles del Centro Hist\u00f3rico, de estos espacios que son de todos los poblanos, esos espacios tienen que estar resguardados para el turismo\u00bb, declar\u00f3.<\/p>\n<p><strong>Rivera P\u00e9rez<\/strong>\u00a0recalc\u00f3 que con las 23 organizaciones de ambulantes continuaran el di\u00e1logo, a fin de brindarles nuevos espacios y mejores oportunidades de trabajo, pero advirti\u00f3 que en caso de que\u00a0<strong>los comerciantes agredan a servidores p\u00fablicos,<\/strong>\u00a0los elementos de la Secretar\u00eda de Seguridad Ciudadana (SSC) tendr\u00e1n que intervenir pues no se pueden quedar con los \u00abbrazos cruzados\u00bb.<\/p>\n<p>\u00abA m\u00ed me eligieron para ser autoridad y lo que se requiere en Puebla es que haya autoridad y que haya orden. Y en el Centro Hist\u00f3rico vamos a continuar con el reordenamiento del comercio informal y va a haber autoridad\u00bb, apunt\u00f3.<\/p>\n<p><strong>\u00a0<\/strong><\/p>\n<p>&nbsp;<\/p>\n","protected":false},"excerpt":{"rendered":"<p>El titular de la\u00a0Secretar\u00eda de Gobernaci\u00f3n\u00a0del municipio de Puebla, Jorge Cruz Lepe, no descart\u00f3 la intervenci\u00f3n de la\u00a0fuerza p\u00fablica para retirar del Centro Hist\u00f3rico de la ciudad de Puebla a los vendedores ambulantes, pero aclar\u00f3 que antes se har\u00e1n todos los esfuerzos para una salida dialogada. Despu\u00e9s de la trifulca registrada la tarde del jueves [&hellip;]<\/p>\n","protected":false},"author":4,"featured_media":2024,"comment_status":"open","ping_status":"open","sticky":false,"template":"","format":"standard","meta":{"om_disable_all_campaigns":false,"_monsterinsights_skip_tracking":false,"_monsterinsights_sitenote_active":false,"_monsterinsights_sitenote_note":"","_monsterinsights_sitenote_category":0,"footnotes":""},"categories":[175],"tags":[195],"class_list":["post-2023","post","type-post","status-publish","format-standard","has-post-thumbnail","hentry","category-local","tag-principal"],"amp_enabled":true,"_links":{"self":[{"href":"https:\/\/lahora.mx\/index.php\/wp-json\/wp\/v2\/posts\/2023","targetHints":{"allow":["GET"]}}],"collection":[{"href":"https:\/\/lahora.mx\/index.php\/wp-json\/wp\/v2\/posts"}],"about":[{"href":"https:\/\/lahora.mx\/index.php\/wp-json\/wp\/v2\/types\/post"}],"author":[{"embeddable":true,"href":"https:\/\/lahora.mx\/index.php\/wp-json\/wp\/v2\/users\/4"}],"replies":[{"embeddable":true,"href":"https:\/\/lahora.mx\/index.php\/wp-json\/wp\/v2\/comments?post=2023"}],"version-history":[{"count":1,"href":"https:\/\/lahora.mx\/index.php\/wp-json\/wp\/v2\/posts\/2023\/revisions"}],"predecessor-version":[{"id":2025,"href":"https:\/\/lahora.mx\/index.php\/wp-json\/wp\/v2\/posts\/2023\/revisions\/2025"}],"wp:featuredmedia":[{"embeddable":true,"href":"https:\/\/lahora.mx\/index.php\/wp-json\/wp\/v2\/media\/2024"}],"wp:attachment":[{"href":"https:\/\/lahora.mx\/index.php\/wp-json\/wp\/v2\/media?parent=2023"}],"wp:term":[{"taxonomy":"category","embeddable":true,"href":"https:\/\/lahora.mx\/index.php\/wp-json\/wp\/v2\/categories?post=2023"},{"taxonomy":"post_tag","embeddable":true,"href":"https:\/\/lahora.mx\/index.php\/wp-json\/wp\/v2\/tags?post=2023"}],"curies":[{"name":"wp","href":"https:\/\/api.w.org\/{rel}","templated":true}]}}