{"id":2020,"date":"2022-01-21T23:17:53","date_gmt":"2022-01-21T23:17:53","guid":{"rendered":"http:\/\/lahora.mx\/?p=2020"},"modified":"2022-01-21T23:17:53","modified_gmt":"2022-01-21T23:17:53","slug":"regreso-a-clases-a-partir-del-31-de-enero-buap","status":"publish","type":"post","link":"https:\/\/lahora.mx\/index.php\/2022\/01\/21\/regreso-a-clases-a-partir-del-31-de-enero-buap\/","title":{"rendered":"Regreso a clases a partir del 31 de enero: BUAP"},"content":{"rendered":"<p>Los estudiantes de la\u00a0<strong>Benem\u00e9rita Universidad Aut\u00f3noma de Puebla<\/strong>\u00a0(BUAP) comenzar\u00e1n a regresar a las aulas a partir del pr\u00f3ximo 31 de enero, en fechas diferentes seg\u00fan cada unidad acad\u00e9mica.<br \/>\nLas unidades acad\u00e9micas que regresar\u00e1n a partir de esta fecha son la\u00a0<strong>Escuela de Artes Pl\u00e1sticas y Audiovisuales<\/strong>\u00a0as\u00ed como el\u00a0<strong>Instituto de F\u00edsica Luis Rivera Terrazas.<\/strong><\/p>\n<p>Las siguientes en retornar lo har\u00e1n el 8 de febrero y ser\u00e1n la\u00a0<strong>Facultad de Ciencias F\u00edsico Matem\u00e1ticas, Facultad de Ciencias Biol\u00f3gicas; Complejo Regional Mixteca Profesional\u00a0<\/strong>y el<strong>\u00a0Instituto de Ciencias.<br \/>\n<\/strong>El\u00a0<strong>Complejo Regional Sur de Preparatorias regresar\u00e1 a actividades\u00a0<\/strong>el 14 de marzo.<br \/>\nHasta ahora no todas las unidades acad\u00e9micas tienen prevista una fecha de retorno. La universidad pidi\u00f3 a los universitarios estar atentos de los avisos emitidos por cada una.Entre las que a\u00fan no tienen una definici\u00f3n est\u00e1n la\u00a0<strong>Facultad de Medicina, Facultad de Ciencias de la Computaci\u00f3n, Facultad de Ingenier\u00eda, Escuela Preparatoria General Emiliano Zapata, Bachillerato 5 de Mayo y el Instituto de Ciencias Sociales y Humanidades Alfonso V\u00e9lez Pliego.<\/strong><\/p>\n<p>En su momento la\u00a0<strong>BUAP<\/strong>\u00a0inform\u00f3 que se pospon\u00eda el regreso a clases presencial debido a la nueva ola de contagios de covid-19 en la entidad y con la finalidad de proteger a los estudiantes.<br \/>\nLa\u00a0<strong>Universidad Popular Aut\u00f3noma del Estado de Puebla\u00a0<\/strong>(UPAEP) tambi\u00e9n decidi\u00f3 cambiar su decisi\u00f3n de retomar a clases presenciales y aplicar\u00e1 un sistema h\u00edbrido debido a los contagios.<\/p>\n","protected":false},"excerpt":{"rendered":"<p>Los estudiantes de la\u00a0Benem\u00e9rita Universidad Aut\u00f3noma de Puebla\u00a0(BUAP) comenzar\u00e1n a regresar a las aulas a partir del pr\u00f3ximo 31 de enero, en fechas diferentes seg\u00fan cada unidad acad\u00e9mica. Las unidades acad\u00e9micas que regresar\u00e1n a partir de esta fecha son la\u00a0Escuela de Artes Pl\u00e1sticas y Audiovisuales\u00a0as\u00ed como el\u00a0Instituto de F\u00edsica Luis Rivera Terrazas. Las siguientes en [&hellip;]<\/p>\n","protected":false},"author":4,"featured_media":2021,"comment_status":"open","ping_status":"open","sticky":false,"template":"","format":"standard","meta":{"om_disable_all_campaigns":false,"_monsterinsights_skip_tracking":false,"_monsterinsights_sitenote_active":false,"_monsterinsights_sitenote_note":"","_monsterinsights_sitenote_category":0,"footnotes":""},"categories":[175],"tags":[195],"class_list":["post-2020","post","type-post","status-publish","format-standard","has-post-thumbnail","hentry","category-local","tag-principal"],"amp_enabled":true,"_links":{"self":[{"href":"https:\/\/lahora.mx\/index.php\/wp-json\/wp\/v2\/posts\/2020","targetHints":{"allow":["GET"]}}],"collection":[{"href":"https:\/\/lahora.mx\/index.php\/wp-json\/wp\/v2\/posts"}],"about":[{"href":"https:\/\/lahora.mx\/index.php\/wp-json\/wp\/v2\/types\/post"}],"author":[{"embeddable":true,"href":"https:\/\/lahora.mx\/index.php\/wp-json\/wp\/v2\/users\/4"}],"replies":[{"embeddable":true,"href":"https:\/\/lahora.mx\/index.php\/wp-json\/wp\/v2\/comments?post=2020"}],"version-history":[{"count":1,"href":"https:\/\/lahora.mx\/index.php\/wp-json\/wp\/v2\/posts\/2020\/revisions"}],"predecessor-version":[{"id":2022,"href":"https:\/\/lahora.mx\/index.php\/wp-json\/wp\/v2\/posts\/2020\/revisions\/2022"}],"wp:featuredmedia":[{"embeddable":true,"href":"https:\/\/lahora.mx\/index.php\/wp-json\/wp\/v2\/media\/2021"}],"wp:attachment":[{"href":"https:\/\/lahora.mx\/index.php\/wp-json\/wp\/v2\/media?parent=2020"}],"wp:term":[{"taxonomy":"category","embeddable":true,"href":"https:\/\/lahora.mx\/index.php\/wp-json\/wp\/v2\/categories?post=2020"},{"taxonomy":"post_tag","embeddable":true,"href":"https:\/\/lahora.mx\/index.php\/wp-json\/wp\/v2\/tags?post=2020"}],"curies":[{"name":"wp","href":"https:\/\/api.w.org\/{rel}","templated":true}]}}