{"id":2017,"date":"2022-01-21T23:13:19","date_gmt":"2022-01-21T23:13:19","guid":{"rendered":"http:\/\/lahora.mx\/?p=2017"},"modified":"2022-01-21T23:13:19","modified_gmt":"2022-01-21T23:13:19","slug":"justicia-al-bebe-muerto-en-penal-exigen-congreso-ibero-y-ongs","status":"publish","type":"post","link":"https:\/\/lahora.mx\/index.php\/2022\/01\/21\/justicia-al-bebe-muerto-en-penal-exigen-congreso-ibero-y-ongs\/","title":{"rendered":"justicia al beb\u00e9 muerto en penal, exigen Congreso, Ibero y ONGs"},"content":{"rendered":"<p>Desde el Congreso de Puebla, el Instituto de Derechos Humanos \u201cIgnacio Ellacur\u00eda\u201d, de la Universidad Iberoamericana, as\u00ed como organizaciones civiles, se unieron para\u00a0<strong>exigir respuestas<\/strong>\u00a0al gobierno de\u00a0<strong>Luis Miguel Barbosa Huerta<\/strong>\u00a0sobre el beb\u00e9 encontrado muerto en el penal de San Miguel, y demandar a la Fiscal\u00eda General del Estado (FGE)\u00a0<strong>que no haya impunidad.<\/strong><\/p>\n<p>A la Comisi\u00f3n Nacional de Derechos Humanos (CNDH) se le pide atraer el caso tras haberse retractado, y la FGE se le urge a realizar una investigaci\u00f3n\u00a0<strong>exhaustiva, \u00e1gil y rigurosa<\/strong>\u00a0que esclarezca el origen y muerte del beb\u00e9 de\u00a0<strong>6 d\u00edas de nacido<\/strong> que contaba con una cirug\u00eda en el abdomen.<br \/>\nEl 11 de enero se dio a conocer la ubicaci\u00f3n del cad\u00e1ver de un beb\u00e9 en uno de los contenedores de basura del penal y, desde entonces, han trascendido diferentes versiones, entre ellas que el cuerpo\u00a0<strong>se habr\u00eda utilizado para ingresar droga<\/strong> y que proven\u00eda de una morgue de la Ciudad de M\u00e9xico.<br \/>\nEn tanto, este viernes se realizar\u00e1 una protesta\u00a0<strong>a las 11 de la ma\u00f1ana en la entrada del penal<\/strong> de San Miguel para exigir respuestas al gobierno de Puebla y que no haya impunidad.<\/p>\n<p>En la sesi\u00f3n de pleno del\u00a0<strong>Poder Legislativo<\/strong>, la diputada\u00a0<strong>Erika Patricia Valencia \u00c1vila<\/strong>\u00a0del Partido Acci\u00f3n Nacional (PAN), present\u00f3 un punto de acuerdo para exigir a la FGE que se investigue este caso y\u00a0<strong>se ejerza la acci\u00f3n penal<\/strong>\u00a0en contra de quien o quienes resulten responsables.<\/p>\n<p>La propuesta tuvo el respaldo de diferentes grupos parlamentarios al momento de la presentaci\u00f3n, pero m\u00e1s tarde\u00a0<strong>destac\u00f3 una confrontaci\u00f3n<\/strong> entre legisladores afines a Barbosa Huerta y los de oposici\u00f3n.<\/p>\n<p>A la par, consider\u00f3 \u201cindignante\u201d que el tema\u00a0<strong>se use con un fin pol\u00edtico<\/strong>\u00a0por parte de algunos personajes, esto luego de que un d\u00eda antes\u00a0<strong>M\u00f3nica Rodr\u00edguez Della Vechia\u00a0<\/strong>(del PAN), exigi\u00f3 investigar el caso.<\/p>\n<p>La representante de Morena cuestion\u00f3 que en su momento se guard\u00f3 silencio por el caso de Chalchihuapan en la gesti\u00f3n del panista\u00a0<strong>Rafael Moreno Valle Rosas<\/strong>, donde polic\u00edas estatales hirieron de muerte al ni\u00f1o\u00a0<strong>Jos\u00e9 Luis Alberto Tlehuatlie Tamayo<\/strong> durante una manifestaci\u00f3n.\u201c<br \/>\nLo que me resulta realmente indignante <strong>es la mezquindad de algunos actores pol\u00edticos<\/strong>\u00a0que, por sacar una raja pol\u00edtica de este tema, aprovechen el pedestal de la oposici\u00f3n para manipular y\u00a0<strong>utilizar el fallecimiento de este menor<\/strong>\u00a0en favor de su partido y para dar golpeteos a la actual administraci\u00f3n\u201d, reclam\u00f3.<\/p>\n<p>En respuesta,\u00a0<strong>M\u00f3nica Rodr\u00edguez\u00a0<\/strong>subi\u00f3 a la tribuna a defenderse y explicar que cuando ocurri\u00f3 el problema con los pobladores Chalchihuapan\u00a0<strong>no ten\u00eda ning\u00fan cargo p\u00fablico<\/strong>\u00a0como en este momento.<br \/>\nAgreg\u00f3 que al ser parte de la Comisi\u00f3n de la Familia y los Derechos de la Ni\u00f1ez\u00a0<strong>tiene la responsabilidad de abordar\u00a0<\/strong>este tipo de temas<\/p>\n<p>\u201cVamos a seguir insistiendo, como presidenta de la comisi\u00f3n de la familia y los derechos de la ni\u00f1ez aqu\u00ed seguir\u00e9 en esta tribuna se\u00f1alando cualquier cosa que afecte a un ni\u00f1o, ni\u00f1a, adolescente o a la familia, no habr\u00e1 nada que me detenga\u201d, dijo.<\/p>\n<p><strong>Rafael Micalco M\u00e9ndez<\/strong>, tambi\u00e9n de la fracci\u00f3n del PAN, pidi\u00f3 a sus compa\u00f1eros dejar atr\u00e1s el pasado y enfocarse en el presente con la finalidad de resolverlos problemas actuales, aunque aprovech\u00f3 para asegurar que cuando ocurri\u00f3 lo de\u00a0<strong>Chalchihuapan<\/strong>\u00a0estuvo al frente de\u00a0<strong>Acci\u00f3n Nacional\u00a0<\/strong>y tuvo oportunidad de hablar con los familiares de la v\u00edctima.<\/p>\n<p>En su intervenci\u00f3n,\u00a0<strong>Roberto Sol\u00eds Valle\u00a0<\/strong>de\u00a0<strong>Morena<\/strong>\u00a0declar\u00f3 que coincid\u00eda en que deber\u00edan enfocarse en generar acciones para resolver el asunto del beb\u00e9, pero no por ello se deber\u00eda olvidar el pasado.<\/p>\n<p>\u201cNo hay que politizar las cosas, mejor hay que poner las herramientas para que ayuntamientos, gobierno del Estado tengan mayores facultades para que sus polic\u00edas y la fiscal\u00eda puedan actuar de manera correcta, hay muchas cosas que se pueden corregir y si bien es cierto que no vamos a estar mirando al pasado, tampoco se tiene que olvidar que es lo que pas\u00f3\u201d.<\/p>\n<p>La\u00a0<strong>Universidad Iberoamerica<\/strong>, campus\u00a0<strong>Puebla<\/strong>, exhort\u00f3 a la\u00a0<strong>Comisi\u00f3n Nacional de Derechos Humanos<\/strong>\u00a0a atraer el caso ya que s\u00ed cuenta con facultades para hacerlo al constituirse una violaci\u00f3n grave a los derechos humanos y trascender el inter\u00e9s de la entidad federativa.<\/p>\n<p>El que la\u00a0<strong>CNDH<\/strong> se haya retractado de atraer el caso como lo hizo en un inicio revela que las consideraciones pol\u00edticas est\u00e1n por su obligaci\u00f3n de velar por el respeto de los derechos.<br \/>\nEn el caso de la\u00a0<strong>Comisi\u00f3n de Derechos Humanos<\/strong>\u00a0(CDH) de la entidad, la casa de estudios consider\u00f3 que el organismo tiene la oportunidad de recuperar su legitimidad e investigar correctamente el caso.<\/p>\n","protected":false},"excerpt":{"rendered":"<p>Desde el Congreso de Puebla, el Instituto de Derechos Humanos \u201cIgnacio Ellacur\u00eda\u201d, de la Universidad Iberoamericana, as\u00ed como organizaciones civiles, se unieron para\u00a0exigir respuestas\u00a0al gobierno de\u00a0Luis Miguel Barbosa Huerta\u00a0sobre el beb\u00e9 encontrado muerto en el penal de San Miguel, y demandar a la Fiscal\u00eda General del Estado (FGE)\u00a0que no haya impunidad. A la Comisi\u00f3n Nacional [&hellip;]<\/p>\n","protected":false},"author":4,"featured_media":2018,"comment_status":"open","ping_status":"open","sticky":false,"template":"","format":"standard","meta":{"om_disable_all_campaigns":false,"_monsterinsights_skip_tracking":false,"_monsterinsights_sitenote_active":false,"_monsterinsights_sitenote_note":"","_monsterinsights_sitenote_category":0,"footnotes":""},"categories":[175],"tags":[195],"class_list":["post-2017","post","type-post","status-publish","format-standard","has-post-thumbnail","hentry","category-local","tag-principal"],"amp_enabled":true,"_links":{"self":[{"href":"https:\/\/lahora.mx\/index.php\/wp-json\/wp\/v2\/posts\/2017","targetHints":{"allow":["GET"]}}],"collection":[{"href":"https:\/\/lahora.mx\/index.php\/wp-json\/wp\/v2\/posts"}],"about":[{"href":"https:\/\/lahora.mx\/index.php\/wp-json\/wp\/v2\/types\/post"}],"author":[{"embeddable":true,"href":"https:\/\/lahora.mx\/index.php\/wp-json\/wp\/v2\/users\/4"}],"replies":[{"embeddable":true,"href":"https:\/\/lahora.mx\/index.php\/wp-json\/wp\/v2\/comments?post=2017"}],"version-history":[{"count":1,"href":"https:\/\/lahora.mx\/index.php\/wp-json\/wp\/v2\/posts\/2017\/revisions"}],"predecessor-version":[{"id":2019,"href":"https:\/\/lahora.mx\/index.php\/wp-json\/wp\/v2\/posts\/2017\/revisions\/2019"}],"wp:featuredmedia":[{"embeddable":true,"href":"https:\/\/lahora.mx\/index.php\/wp-json\/wp\/v2\/media\/2018"}],"wp:attachment":[{"href":"https:\/\/lahora.mx\/index.php\/wp-json\/wp\/v2\/media?parent=2017"}],"wp:term":[{"taxonomy":"category","embeddable":true,"href":"https:\/\/lahora.mx\/index.php\/wp-json\/wp\/v2\/categories?post=2017"},{"taxonomy":"post_tag","embeddable":true,"href":"https:\/\/lahora.mx\/index.php\/wp-json\/wp\/v2\/tags?post=2017"}],"curies":[{"name":"wp","href":"https:\/\/api.w.org\/{rel}","templated":true}]}}