{"id":1991,"date":"2022-01-21T02:24:11","date_gmt":"2022-01-21T02:24:11","guid":{"rendered":"http:\/\/lahora.mx\/?p=1991"},"modified":"2022-01-21T02:24:11","modified_gmt":"2022-01-21T02:24:11","slug":"condena-violencia-contra-ninez-en-puebla-save-the-children-en-mexico","status":"publish","type":"post","link":"https:\/\/lahora.mx\/index.php\/2022\/01\/21\/condena-violencia-contra-ninez-en-puebla-save-the-children-en-mexico\/","title":{"rendered":"Condena violencia contra ni\u00f1ez en Puebla, Save the Children en M\u00e9xico"},"content":{"rendered":"<p>La organizaci\u00f3n <strong>Save the Children en M\u00e9xico<\/strong>\u00a0conden\u00f3 los casos de violencia contra la ni\u00f1ez\u00a0registrados en el estado de\u00a0<strong>Puebla<\/strong>: el hallazgo de un\u00a0<strong>beb\u00e9 muerto<\/strong>\u00a0en la basura del penal de San Miguel y el\u00a0<strong>feminicidio de una ni\u00f1a ind\u00edgena de 10 a\u00f1os en Zoquitl\u00e1n.<\/strong><\/p>\n<p>A trav\u00e9s de un pronunciamiento en redes sociales, se sentenci\u00f3:<\/p>\n<blockquote><p>Expresamos nuestra m\u00e1s profunda preocupaci\u00f3n por la violencia contra la ni\u00f1ez. Nos hemos pronunciado en repetidas ocasiones y ante m\u00faltiples casos de violencia. No dejaremos de hacerlo hasta que se tomen medidas.<\/p><\/blockquote>\n<p>En el pronunciamiento tambi\u00e9n se condena el\u00a0<strong>asesinato de un menor de 6 a\u00f1os en Morelos<\/strong>, por lo que se remarc\u00f3, los casos de Morelos y Puebla, y los miles de casos de violencia contra la ni\u00f1ez no deben quedar impunes. Tambi\u00e9n se destac\u00f3:<\/p>\n<p><strong>En M\u00e9xico la ni\u00f1ez vive con miedo y con una gran inseguridad.\u00a0Cada d\u00eda se les maltrata, se les humilla, se les abusa, se les agrede sexualmente, se les explota, se les desaparece y se les asesina.<\/strong><\/p>\n<blockquote class=\"twitter-tweet\">\n<p dir=\"ltr\" lang=\"es\">En las 3 primeras semanas de 2022 un beb\u00e9 fue encontrado sin vida en un Centro Penitenciario del estado de Puebla; una ni\u00f1a de 10 a\u00f1os fue hallada sin vida y con signos de violencia sexual, tambi\u00e9n en Puebla. En Morelos, se encontr\u00f3 el cuerpo de otro ni\u00f1o de 6 a\u00f1os. Abrimos hilo<\/p>\n<p>\u2014 SavetheChildrenMx (@SaveChildrenMx) <a href=\"https:\/\/twitter.com\/SaveChildrenMx\/status\/1484237998174740481?ref_src=twsrc%5Etfw\">January 20, 2022<\/a><\/p><\/blockquote>\n<p><script async src=\"https:\/\/platform.twitter.com\/widgets.js\" charset=\"utf-8\"><\/script><\/p>\n<p>&nbsp;<\/p>\n<p>Solo en 2021 se registraron m\u00e1s de<strong>\u00a02,450 homicidios y m\u00e1s de 107 feminicidios de ni\u00f1as, ni\u00f1os y adolescentes.<\/strong> Esto se traduce a 7 homicidios diarios y 9 feminicidios cada mes.<\/p>\n<p>&nbsp;<\/p>\n<p>&nbsp;<\/p>\n","protected":false},"excerpt":{"rendered":"<p>La organizaci\u00f3n Save the Children en M\u00e9xico\u00a0conden\u00f3 los casos de violencia contra la ni\u00f1ez\u00a0registrados en el estado de\u00a0Puebla: el hallazgo de un\u00a0beb\u00e9 muerto\u00a0en la basura del penal de San Miguel y el\u00a0feminicidio de una ni\u00f1a ind\u00edgena de 10 a\u00f1os en Zoquitl\u00e1n. A trav\u00e9s de un pronunciamiento en redes sociales, se sentenci\u00f3: Expresamos nuestra m\u00e1s profunda [&hellip;]<\/p>\n","protected":false},"author":5,"featured_media":1992,"comment_status":"open","ping_status":"open","sticky":false,"template":"","format":"standard","meta":{"om_disable_all_campaigns":false,"_monsterinsights_skip_tracking":false,"_monsterinsights_sitenote_active":false,"_monsterinsights_sitenote_note":"","_monsterinsights_sitenote_category":0,"footnotes":""},"categories":[175],"tags":[223],"class_list":["post-1991","post","type-post","status-publish","format-standard","has-post-thumbnail","hentry","category-local","tag-puebla"],"amp_enabled":true,"_links":{"self":[{"href":"https:\/\/lahora.mx\/index.php\/wp-json\/wp\/v2\/posts\/1991","targetHints":{"allow":["GET"]}}],"collection":[{"href":"https:\/\/lahora.mx\/index.php\/wp-json\/wp\/v2\/posts"}],"about":[{"href":"https:\/\/lahora.mx\/index.php\/wp-json\/wp\/v2\/types\/post"}],"author":[{"embeddable":true,"href":"https:\/\/lahora.mx\/index.php\/wp-json\/wp\/v2\/users\/5"}],"replies":[{"embeddable":true,"href":"https:\/\/lahora.mx\/index.php\/wp-json\/wp\/v2\/comments?post=1991"}],"version-history":[{"count":1,"href":"https:\/\/lahora.mx\/index.php\/wp-json\/wp\/v2\/posts\/1991\/revisions"}],"predecessor-version":[{"id":1993,"href":"https:\/\/lahora.mx\/index.php\/wp-json\/wp\/v2\/posts\/1991\/revisions\/1993"}],"wp:featuredmedia":[{"embeddable":true,"href":"https:\/\/lahora.mx\/index.php\/wp-json\/wp\/v2\/media\/1992"}],"wp:attachment":[{"href":"https:\/\/lahora.mx\/index.php\/wp-json\/wp\/v2\/media?parent=1991"}],"wp:term":[{"taxonomy":"category","embeddable":true,"href":"https:\/\/lahora.mx\/index.php\/wp-json\/wp\/v2\/categories?post=1991"},{"taxonomy":"post_tag","embeddable":true,"href":"https:\/\/lahora.mx\/index.php\/wp-json\/wp\/v2\/tags?post=1991"}],"curies":[{"name":"wp","href":"https:\/\/api.w.org\/{rel}","templated":true}]}}