{"id":19659,"date":"2023-01-13T00:45:02","date_gmt":"2023-01-13T00:45:02","guid":{"rendered":"http:\/\/lahora.mx\/?p=19659"},"modified":"2023-01-16T00:47:49","modified_gmt":"2023-01-16T00:47:49","slug":"encabeza-policia-de-san-andres-cholula-operativo-de-regulacion-de-transporte","status":"publish","type":"post","link":"https:\/\/lahora.mx\/index.php\/2023\/01\/13\/encabeza-policia-de-san-andres-cholula-operativo-de-regulacion-de-transporte\/","title":{"rendered":"Encabeza polic\u00eda de San Andr\u00e9s Cholula operativo de regulaci\u00f3n de transporte"},"content":{"rendered":"\n<p>La Secretar\u00eda de Seguridad P\u00fablica y Protecci\u00f3n Ciudadana (SSPPC) de San Andr\u00e9s Cholula, en coordinaci\u00f3n con la Secretar\u00eda de Movilidad y Transporte Estatal, llevaron a cabo un operativo de regulaci\u00f3n del transporte informal en la V\u00eda Atlixc\u00e1yotl.<\/p>\n\n\n\n<p>La finalidad de este dispositivo fue localizar veh\u00edculos que realicen las funciones de transporte mercantil, y que no cuenten con la documentaci\u00f3n necesaria para realizar dicha actividad.<\/p>\n\n\n\n<p>Cabe se\u00f1alar, que estos operativos permanecer\u00e1n vigentes en distintos puntos del municipio.<\/p>\n\n\n\n<p>A este esfuerzo, se sum\u00f3 el equipo de Giros Comerciales del Gobierno Municipal, el cual, implement\u00f3 labores de reordenamiento. Como resultado de ello, se retiraron 10 negocios informales.<\/p>\n\n\n\n<p>De esta forma, el Ayuntamiento de San Andr\u00e9s Cholula fortalece las estrategias para preservar el cumplimiento de la ley en el municipio, a fin de propiciar bienestar a las y los habitantes.<\/p>\n","protected":false},"excerpt":{"rendered":"<p>La Secretar\u00eda de Seguridad P\u00fablica y Protecci\u00f3n Ciudadana (SSPPC) de San Andr\u00e9s Cholula, en coordinaci\u00f3n con la Secretar\u00eda de Movilidad y Transporte Estatal, llevaron a cabo un operativo de regulaci\u00f3n del transporte informal en la V\u00eda Atlixc\u00e1yotl. La finalidad de este dispositivo fue localizar veh\u00edculos que realicen las funciones de transporte mercantil, y que no [&hellip;]<\/p>\n","protected":false},"author":4,"featured_media":19660,"comment_status":"open","ping_status":"open","sticky":false,"template":"","format":"standard","meta":{"om_disable_all_campaigns":false,"_monsterinsights_skip_tracking":false,"_monsterinsights_sitenote_active":false,"_monsterinsights_sitenote_note":"","_monsterinsights_sitenote_category":0,"footnotes":""},"categories":[175,226],"tags":[223],"class_list":["post-19659","post","type-post","status-publish","format-standard","has-post-thumbnail","hentry","category-local","category-policia","tag-puebla"],"amp_enabled":true,"_links":{"self":[{"href":"https:\/\/lahora.mx\/index.php\/wp-json\/wp\/v2\/posts\/19659","targetHints":{"allow":["GET"]}}],"collection":[{"href":"https:\/\/lahora.mx\/index.php\/wp-json\/wp\/v2\/posts"}],"about":[{"href":"https:\/\/lahora.mx\/index.php\/wp-json\/wp\/v2\/types\/post"}],"author":[{"embeddable":true,"href":"https:\/\/lahora.mx\/index.php\/wp-json\/wp\/v2\/users\/4"}],"replies":[{"embeddable":true,"href":"https:\/\/lahora.mx\/index.php\/wp-json\/wp\/v2\/comments?post=19659"}],"version-history":[{"count":1,"href":"https:\/\/lahora.mx\/index.php\/wp-json\/wp\/v2\/posts\/19659\/revisions"}],"predecessor-version":[{"id":19661,"href":"https:\/\/lahora.mx\/index.php\/wp-json\/wp\/v2\/posts\/19659\/revisions\/19661"}],"wp:featuredmedia":[{"embeddable":true,"href":"https:\/\/lahora.mx\/index.php\/wp-json\/wp\/v2\/media\/19660"}],"wp:attachment":[{"href":"https:\/\/lahora.mx\/index.php\/wp-json\/wp\/v2\/media?parent=19659"}],"wp:term":[{"taxonomy":"category","embeddable":true,"href":"https:\/\/lahora.mx\/index.php\/wp-json\/wp\/v2\/categories?post=19659"},{"taxonomy":"post_tag","embeddable":true,"href":"https:\/\/lahora.mx\/index.php\/wp-json\/wp\/v2\/tags?post=19659"}],"curies":[{"name":"wp","href":"https:\/\/api.w.org\/{rel}","templated":true}]}}