{"id":19636,"date":"2023-01-15T22:09:56","date_gmt":"2023-01-15T22:09:56","guid":{"rendered":"http:\/\/lahora.mx\/?p=19636"},"modified":"2023-01-15T22:12:00","modified_gmt":"2023-01-15T22:12:00","slug":"no-es-una-militarizacion-sheinbaum","status":"publish","type":"post","link":"https:\/\/lahora.mx\/index.php\/2023\/01\/15\/no-es-una-militarizacion-sheinbaum\/","title":{"rendered":"No es una militarizaci\u00f3n: Sheinbaum"},"content":{"rendered":"\n<p class=\"wp-block-paragraph\">La jefa de Gobierno, Claudia Sheinbaum, rechaz\u00f3 este domingo que la presencia de la Guardia Nacional signifique la militarizaci\u00f3n del Metro.<\/p>\n\n\n\n<p class=\"wp-block-paragraph\">Tambi\u00e9n puedes leer: Claudia Sheinbaum garantizan seguridad de L12<\/p>\n\n\n\n<p class=\"wp-block-paragraph\">Indic\u00f3 que como mandataria capitalina tiene la obligaci\u00f3n de garantizar la seguridad de los usuarios y la Guardia Nacional garantiza la seguridad.<\/p>\n\n\n\n<p class=\"wp-block-paragraph\">Dijo que ante la ocurrencia de eventos intencionales que da\u00f1an al Metro, debe de tomar acciones para garantizar la seguridad.<\/p>\n\n\n\n<p class=\"wp-block-paragraph\">Sheinbaum tambi\u00e9n rechaz\u00f3 nuevamente que el presupuesto del Sistema de Transporte Colectivo se haya reducido y afirm\u00f3 que su administraci\u00f3n realiza inversiones hist\u00f3ricas y multimillonarias en la L\u00ednea 1, el sistema de energ\u00eda el\u00e9ctrica, el nuevo Puesto Central de Control, entre otros.<\/p>\n\n\n\n<p class=\"wp-block-paragraph\">La mandataria capitalina dijo que se sent\u00eda contenta por la apertura del tramo de la L\u00ednea Dorada y el beneficio que traer\u00e1 a miles de usuarios.<\/p>\n\n\n\n<p class=\"wp-block-paragraph\">&#8216;Ocurrieron eventos de falla fuera de lo com\u00fan en el Metro de la ciudad, estas fallas at\u00edpicas no tienen que ver con el mantenimiento del Metro, son fallas at\u00edpicas que, en muchos casos, tienen que ver con eventos intencionados para el Metro de la ciudad. Cualquier acto que ponga en riesgo a los usuarios del Metro, es obligaci\u00f3n de la jefa de Gobierno, del Gobierno de la Ciudad de M\u00e9xico, hacer absolutamente todo lo que est\u00e9 en nuestras manos para garantizar la seguridad de los usuarios del Metro, de los habitantes de la ciudad, del Estado de M\u00e9xico que usan este modo de transporte tan importante.<br>&#8216;El Metro tiene que seguir siendo un espacio seguro, eficaz, \u00fatil para millones de mexicanos que lo usan diariamente. La presencia de la Guardia Nacional est\u00e1 para cuidar, para proteger a las personas, para que puedan en cualquier momento que vean alguna acci\u00f3n malintencionada poder trabajar junto con las autoridades del Gobierno de la ciudad para que no haya ning\u00fan evento de esta naturaleza o, si lo hay, poderlo corregir en el instante, la Guardia Nacional est\u00e1 para cuidar y para proteger a los usuarios del Metro, para todos aquellos que dicen que esto es una militarizaci\u00f3n del Metro, es absolutamente falso.<\/p>\n\n\n\n<p class=\"wp-block-paragraph\">&#8216;La Guardia Nacional es una instituci\u00f3n de nuestro pa\u00eds y es tan falso que ni siquiera van armados los elementos de la Guardia Nacional, est\u00e1n ayudando, est\u00e1n protegiendo y como lo hemos visto en muchas escenas inclusive est\u00e1n apoyando de una manera muy humanitaria a todos los usuarios del Metro&#8217;, expres\u00f3.<\/p>\n\n\n\n<p class=\"wp-block-paragraph\">Sheinbaum rechaz\u00f3 nuevamente que el presupuesto del Sistema de Transporte Colectivo se haya reducido y afirm\u00f3 que su administraci\u00f3n realiza inversiones hist\u00f3ricas y multimillonarias en la L\u00ednea 1 de 37 mil millones de pesos, en el sistema el\u00e9ctrico Metro Energ\u00eda 4 mil 500 millones de pesos y en el nuevo Puesto Central de Control en el C5 500 millones de pesos.<\/p>\n\n\n\n<p class=\"wp-block-paragraph\">&#8216;Es importante recalcar, porque hay mala informaci\u00f3n, que el presupuesto del Metro cada a\u00f1o ha sido mayor que el a\u00f1o anterior, este a\u00f1o 2023, es mayor que el 2022, el de 2022 fue mayor que el de 2021 y que el del 2020, tanto en presupuesto total, como en el presupuesto de mantenimiento, lo cual es muy importante que se conozca&#8217;, dijo.<\/p>\n","protected":false},"excerpt":{"rendered":"<p>La jefa de Gobierno, Claudia Sheinbaum, rechaz\u00f3 este domingo que la presencia de la Guardia Nacional signifique la militarizaci\u00f3n del Metro. Tambi\u00e9n puedes leer: Claudia Sheinbaum garantizan seguridad de L12 Indic\u00f3 que como mandataria capitalina tiene la obligaci\u00f3n de garantizar la seguridad de los usuarios y la Guardia Nacional garantiza la seguridad. Dijo que ante [&hellip;]<\/p>\n","protected":false},"author":4,"featured_media":19638,"comment_status":"open","ping_status":"open","sticky":false,"template":"","format":"standard","meta":{"om_disable_all_campaigns":false,"_monsterinsights_skip_tracking":false,"footnotes":""},"categories":[176],"tags":[195],"class_list":["post-19636","post","type-post","status-publish","format-standard","has-post-thumbnail","hentry","category-nacional","tag-principal"],"amp_enabled":true,"_links":{"self":[{"href":"https:\/\/lahora.mx\/index.php\/wp-json\/wp\/v2\/posts\/19636","targetHints":{"allow":["GET"]}}],"collection":[{"href":"https:\/\/lahora.mx\/index.php\/wp-json\/wp\/v2\/posts"}],"about":[{"href":"https:\/\/lahora.mx\/index.php\/wp-json\/wp\/v2\/types\/post"}],"author":[{"embeddable":true,"href":"https:\/\/lahora.mx\/index.php\/wp-json\/wp\/v2\/users\/4"}],"replies":[{"embeddable":true,"href":"https:\/\/lahora.mx\/index.php\/wp-json\/wp\/v2\/comments?post=19636"}],"version-history":[{"count":1,"href":"https:\/\/lahora.mx\/index.php\/wp-json\/wp\/v2\/posts\/19636\/revisions"}],"predecessor-version":[{"id":19637,"href":"https:\/\/lahora.mx\/index.php\/wp-json\/wp\/v2\/posts\/19636\/revisions\/19637"}],"wp:featuredmedia":[{"embeddable":true,"href":"https:\/\/lahora.mx\/index.php\/wp-json\/wp\/v2\/media\/19638"}],"wp:attachment":[{"href":"https:\/\/lahora.mx\/index.php\/wp-json\/wp\/v2\/media?parent=19636"}],"wp:term":[{"taxonomy":"category","embeddable":true,"href":"https:\/\/lahora.mx\/index.php\/wp-json\/wp\/v2\/categories?post=19636"},{"taxonomy":"post_tag","embeddable":true,"href":"https:\/\/lahora.mx\/index.php\/wp-json\/wp\/v2\/tags?post=19636"}],"curies":[{"name":"wp","href":"https:\/\/api.w.org\/{rel}","templated":true}]}}