{"id":19633,"date":"2023-01-15T22:07:18","date_gmt":"2023-01-15T22:07:18","guid":{"rendered":"http:\/\/lahora.mx\/?p=19633"},"modified":"2023-01-15T22:07:18","modified_gmt":"2023-01-15T22:07:18","slug":"helena-monzon-anuncia-el-cierre-de-la-investigacion-del-feminicidio-de-su-hermana-cecilia-monzon","status":"publish","type":"post","link":"https:\/\/lahora.mx\/index.php\/2023\/01\/15\/helena-monzon-anuncia-el-cierre-de-la-investigacion-del-feminicidio-de-su-hermana-cecilia-monzon\/","title":{"rendered":"Helena Monz\u00f3n anuncia el cierre de la investigaci\u00f3n del feminicidio de su hermana Cecilia Monz\u00f3n"},"content":{"rendered":"\n<p class=\"wp-block-paragraph\">Helena Monz\u00f3n anunci\u00f3 a trav\u00e9s de sus redes sociales, el cierre de investigaci\u00f3n de uno de los detenidos por el feminicidio de su hermana, la activista Cecilia Monz\u00f3n sin dar nombres: \u00abLa Complementaria por feminicidio del fulano mayor ha quedado cerrada\u00bb.<\/p>\n\n\n\n<p class=\"wp-block-paragraph\">A trav\u00e9s de su cuenta de Twitter Helena Monz\u00f3n quien tambi\u00e9n es abogada como su hermana Cecilia Monz\u00f3n, celebr\u00f3 el cierre de investigaci\u00f3n de uno de los detenidos por el feminicidio de la activista, el cual ocurri\u00f3 el 21 de mayo del 2021 cuando ella fue emboscada y asesinada de varios balazos.<\/p>\n\n\n\n<p class=\"wp-block-paragraph\">\u00abMe ir\u00e9 a cenar hoy, alzar\u00e9 mi copa de vino, mirar\u00e9 al cielo y brindar\u00e9 contigo.<\/p>\n\n\n\n<p class=\"wp-block-paragraph\">Y es que la complementaria por feminicidio del fulano mayor ha quedado cerrada.<\/p>\n\n\n\n<p class=\"wp-block-paragraph\">A\u00fan queda para hacerte justicia, hermana, pero somos ya imparables\u00bb, escribi\u00f3 en twitter la noche del 13 de enero.<\/p>\n\n\n\n<p class=\"wp-block-paragraph\">Cabe destacar que los sujetos que participaron en el feminicidio fueron Javier L\u00f3pez Zavala, ex pol\u00edtico y ex pareja sentimental de Cecilia quien fue el que orden\u00f3 su asesinato.<\/p>\n\n\n\n<p class=\"wp-block-paragraph\">Yair, sobrino del ex pol\u00edtico y Silvestre N, los dos sujetos que viajaban a bordo de la motocicleta con la que interceptaron a Cecilia cuando ella viajaba en su camioneta y ah\u00ed, el \u00faltimo antes mencionado le dispar\u00f3 m\u00e1s de 5 veces hasta matarla.<\/p>\n\n\n\n<p class=\"wp-block-paragraph\">Santiago B, ex secretario particular de Javier L\u00f3pez Zavala quien habr\u00eda participado en el feminicidio debido a que fue ocupada una de sus camionetas por Yair y Silvestre para escapar luego de cometer el crimen.<\/p>\n\n\n\n<p class=\"wp-block-paragraph\">Ante ello, la hermana de Cecilia Monz\u00f3n dijo que aunque el cierre de investigaci\u00f3n del que llam\u00f3 \u00abfulano mayor\u00bb qued\u00f3 cerrado, a\u00fan resta el cierre de investigaci\u00f3n de los otros 3 implicados y sus juicios correspondientes.<\/p>\n","protected":false},"excerpt":{"rendered":"<p>Helena Monz\u00f3n anunci\u00f3 a trav\u00e9s de sus redes sociales, el cierre de investigaci\u00f3n de uno de los detenidos por el feminicidio de su hermana, la activista Cecilia Monz\u00f3n sin dar nombres: \u00abLa Complementaria por feminicidio del fulano mayor ha quedado cerrada\u00bb. A trav\u00e9s de su cuenta de Twitter Helena Monz\u00f3n quien tambi\u00e9n es abogada como [&hellip;]<\/p>\n","protected":false},"author":4,"featured_media":19634,"comment_status":"open","ping_status":"open","sticky":false,"template":"","format":"standard","meta":{"om_disable_all_campaigns":false,"_monsterinsights_skip_tracking":false,"footnotes":""},"categories":[176],"tags":[],"class_list":["post-19633","post","type-post","status-publish","format-standard","has-post-thumbnail","hentry","category-nacional"],"amp_enabled":true,"_links":{"self":[{"href":"https:\/\/lahora.mx\/index.php\/wp-json\/wp\/v2\/posts\/19633","targetHints":{"allow":["GET"]}}],"collection":[{"href":"https:\/\/lahora.mx\/index.php\/wp-json\/wp\/v2\/posts"}],"about":[{"href":"https:\/\/lahora.mx\/index.php\/wp-json\/wp\/v2\/types\/post"}],"author":[{"embeddable":true,"href":"https:\/\/lahora.mx\/index.php\/wp-json\/wp\/v2\/users\/4"}],"replies":[{"embeddable":true,"href":"https:\/\/lahora.mx\/index.php\/wp-json\/wp\/v2\/comments?post=19633"}],"version-history":[{"count":1,"href":"https:\/\/lahora.mx\/index.php\/wp-json\/wp\/v2\/posts\/19633\/revisions"}],"predecessor-version":[{"id":19635,"href":"https:\/\/lahora.mx\/index.php\/wp-json\/wp\/v2\/posts\/19633\/revisions\/19635"}],"wp:featuredmedia":[{"embeddable":true,"href":"https:\/\/lahora.mx\/index.php\/wp-json\/wp\/v2\/media\/19634"}],"wp:attachment":[{"href":"https:\/\/lahora.mx\/index.php\/wp-json\/wp\/v2\/media?parent=19633"}],"wp:term":[{"taxonomy":"category","embeddable":true,"href":"https:\/\/lahora.mx\/index.php\/wp-json\/wp\/v2\/categories?post=19633"},{"taxonomy":"post_tag","embeddable":true,"href":"https:\/\/lahora.mx\/index.php\/wp-json\/wp\/v2\/tags?post=19633"}],"curies":[{"name":"wp","href":"https:\/\/api.w.org\/{rel}","templated":true}]}}