{"id":19621,"date":"2023-01-14T18:54:06","date_gmt":"2023-01-14T18:54:06","guid":{"rendered":"http:\/\/lahora.mx\/?p=19621"},"modified":"2023-01-15T18:56:07","modified_gmt":"2023-01-15T18:56:07","slug":"la-gobernadora-lorena-cuellar-entrega-acciones-de-vivienda-a-familias-vulnerables","status":"publish","type":"post","link":"https:\/\/lahora.mx\/index.php\/2023\/01\/14\/la-gobernadora-lorena-cuellar-entrega-acciones-de-vivienda-a-familias-vulnerables\/","title":{"rendered":"La gobernadora Lorena Cu\u00e9llar entrega acciones de vivienda a familias vulnerables"},"content":{"rendered":"\n<p>La gobernadora Lorena Cu\u00e9llar Cisneros entreg\u00f3 acciones de vivienda en tres modalidades a familias en situaci\u00f3n de vulnerabilidad que radican en las comunidades de Atlahapa, Acuitlapilco y Metepec del municipio de Tlaxcala.<\/p>\n\n\n\n<p>En 2022, el gobierno estatal otorg\u00f3 412 cuartos dormitorios y 167 cuartos con ba\u00f1o como parte del programa \u201cConstruyendo viviendas adecuadas 2022\u201d, donde se invirtieron 45.8 millones de pesos.<\/p>\n\n\n\n<p>Adem\u00e1s, 62 Unidades B\u00e1sicas de Vivienda (UBV) del programa \u201cConstruyendo vivienda para tu bienestar\u201d, con un recurso que ascendi\u00f3 a los 14.6 millones de pesos.<\/p>\n\n\n\n<p>Acompa\u00f1ada del titular de la Secretar\u00eda de Ordenamiento Territorial y Vivienda (SOTyV), Leonardo Uriarte Parra, la mandataria estatal otorg\u00f3 las llaves de un cuarto con ba\u00f1o a Guadalupe P\u00e9rez Torres, quien padece insuficiencia renal; una UBV, a Mar\u00eda Teresita Salda\u00f1a Zamora que viv\u00eda en rezago habitacional, as\u00ed como un cuarto dormitorio a Alicia Moreno Flores que se encontraba en situaci\u00f3n de hacinamiento.<\/p>\n\n\n\n<p>Al dirigirse a las familias, Cu\u00e9llar Cisneros enfatiz\u00f3 que su gobierno trabaja arduamente en llevar bienestar y mejorar la calidad de vida de la poblaci\u00f3n tlaxcalteca, prioritariamente de quienes menos tienen.<\/p>\n\n\n\n<p>\u201cHoy les entregamos sus llaves, que bueno que llegamos aqu\u00ed donde m\u00e1s se necesita el apoyo, decirles que tambi\u00e9n hemos ido a los lugares m\u00e1s apartados del estado\u2026, encontramos zonas de dif\u00edcil acceso y mi objetivo es llegar a donde hace m\u00e1s falta la ayuda\u201d, mencion\u00f3.<\/p>\n\n\n\n<p>Las beneficiarias agradecieron a la titular del Ejecutivo local y reconocieron el trabajo que realiza para generar condiciones de vivienda digna y decorosa en todo el estado, pero sobre todo por atender las necesidades de los sectores m\u00e1s desfavorecidos.<\/p>\n\n\n\n<p>\u201cYo s\u00e9 que usted siempre ve c\u00f3mo nos puede ayudar, siempre ha estado apoyando a todas las personas que lo necesitan y en este momento somos nosotros, much\u00edsimas gracias, Dios la ha de colmar de bendiciones a usted y a toda su familia\u201d, expres\u00f3 Mar\u00eda Teresita Salda\u00f1a Zamora.<\/p>\n\n\n\n<p>Cada cuarto con ba\u00f1o tuvo una inversi\u00f3n de 111 mil 938 pesos, mide 14 metros cuadrados y fue construido con muros de block, losa de vigueta y bovedilla, as\u00ed como aplanado, cuenta con acabados de pintura en interior y exterior, puerta, ventana e instalaci\u00f3n el\u00e9ctrica.<\/p>\n\n\n\n<p>En lo que corresponde al cuarto dormitorio se destinaron 66 mil 42 pesos para su edificaci\u00f3n con muros de block, losa de vigueta y bovedilla, aplanado y pintura en interior y exterior, puertas, ventanas, instalaci\u00f3n el\u00e9ctrica, hidr\u00e1ulica y sanitaria, tinaco y calentador solar, todo esto en una superficie de 12 metro cuadrados.<\/p>\n\n\n\n<p>Mientras que la UBV cuenta con una extensi\u00f3n de 40 metros cuadrados, se construy\u00f3 con muros de block, losa de vigueta y bovedilla, aplanado y pintura en interior y exterior, puertas, ventanas, instalaci\u00f3n el\u00e9ctrica, hidr\u00e1ulica y sanitaria, tinaco y calentador solar, el importe de la vivienda fue de 240 mil pesos.<\/p>\n\n\n\n<p>Al acto tambi\u00e9n asisti\u00f3 el director de Vivienda de la SOTyV, Javier Israel Tob\u00f3n Solano.<\/p>\n","protected":false},"excerpt":{"rendered":"<p>La gobernadora Lorena Cu\u00e9llar Cisneros entreg\u00f3 acciones de vivienda en tres modalidades a familias en situaci\u00f3n de vulnerabilidad que radican en las comunidades de Atlahapa, Acuitlapilco y Metepec del municipio de Tlaxcala. En 2022, el gobierno estatal otorg\u00f3 412 cuartos dormitorios y 167 cuartos con ba\u00f1o como parte del programa \u201cConstruyendo viviendas adecuadas 2022\u201d, donde [&hellip;]<\/p>\n","protected":false},"author":4,"featured_media":19622,"comment_status":"open","ping_status":"open","sticky":false,"template":"","format":"standard","meta":{"om_disable_all_campaigns":false,"_monsterinsights_skip_tracking":false,"_monsterinsights_sitenote_active":false,"_monsterinsights_sitenote_note":"","_monsterinsights_sitenote_category":0,"footnotes":""},"categories":[175],"tags":[223,210],"class_list":["post-19621","post","type-post","status-publish","format-standard","has-post-thumbnail","hentry","category-local","tag-puebla","tag-tlaxcala"],"amp_enabled":true,"_links":{"self":[{"href":"https:\/\/lahora.mx\/index.php\/wp-json\/wp\/v2\/posts\/19621","targetHints":{"allow":["GET"]}}],"collection":[{"href":"https:\/\/lahora.mx\/index.php\/wp-json\/wp\/v2\/posts"}],"about":[{"href":"https:\/\/lahora.mx\/index.php\/wp-json\/wp\/v2\/types\/post"}],"author":[{"embeddable":true,"href":"https:\/\/lahora.mx\/index.php\/wp-json\/wp\/v2\/users\/4"}],"replies":[{"embeddable":true,"href":"https:\/\/lahora.mx\/index.php\/wp-json\/wp\/v2\/comments?post=19621"}],"version-history":[{"count":2,"href":"https:\/\/lahora.mx\/index.php\/wp-json\/wp\/v2\/posts\/19621\/revisions"}],"predecessor-version":[{"id":19658,"href":"https:\/\/lahora.mx\/index.php\/wp-json\/wp\/v2\/posts\/19621\/revisions\/19658"}],"wp:featuredmedia":[{"embeddable":true,"href":"https:\/\/lahora.mx\/index.php\/wp-json\/wp\/v2\/media\/19622"}],"wp:attachment":[{"href":"https:\/\/lahora.mx\/index.php\/wp-json\/wp\/v2\/media?parent=19621"}],"wp:term":[{"taxonomy":"category","embeddable":true,"href":"https:\/\/lahora.mx\/index.php\/wp-json\/wp\/v2\/categories?post=19621"},{"taxonomy":"post_tag","embeddable":true,"href":"https:\/\/lahora.mx\/index.php\/wp-json\/wp\/v2\/tags?post=19621"}],"curies":[{"name":"wp","href":"https:\/\/api.w.org\/{rel}","templated":true}]}}