{"id":19606,"date":"2023-01-15T18:04:03","date_gmt":"2023-01-15T18:04:03","guid":{"rendered":"http:\/\/lahora.mx\/?p=19606"},"modified":"2023-01-15T18:04:03","modified_gmt":"2023-01-15T18:04:03","slug":"tres-incidentes-atipicos-en-el-metro","status":"publish","type":"post","link":"https:\/\/lahora.mx\/index.php\/2023\/01\/15\/tres-incidentes-atipicos-en-el-metro\/","title":{"rendered":"Tres incidentes at\u00edpicos en el metro"},"content":{"rendered":"\n<p class=\"wp-block-paragraph\">El Sistema de Transporte Colectivo (STC) ha presentado tres denuncias ante la Fiscal\u00eda General de Justicia de la Ciudad de M\u00e9xico por hechos \u201cat\u00edpicos o intencionales\u201d que da\u00f1aron las instalaciones del Metro.<\/p>\n\n\n\n<p class=\"wp-block-paragraph\">Estos incidentes denunciados ocurrieron en las \u00faltimas 48 horas a pesar de la vigilancia de los elementos de la Guardia Nacional.<\/p>\n\n\n\n<p class=\"wp-block-paragraph\">En conferencia de prensa, Guillermo Calder\u00f3n, director del STC, inform\u00f3 que uno de los hechos ocurri\u00f3 la madrugada del s\u00e1bado en el t\u00fanel entre las estaciones La Raza y Potrero de la L\u00ednea 3 cuando se detect\u00f3 el corte intencional de un cable de baja tensi\u00f3n, el cual chicote\u00f3 y da\u00f1\u00f3 el parabrisas de un tren.<\/p>\n\n\n\n<p class=\"wp-block-paragraph\">El conductor de este tren se\u00f1ala que a las 12:15 de la noche que recibe un impacto y se le rompe el parabrisas, acto seguido, tambi\u00e9n por nuestro sistema de monitoreo de las redes de energ\u00eda el\u00e9ctrica-se\u00f1alizaci\u00f3n, se identifica que hay un cable a tierra, esto quiere decir un corto circuito en este tramo, el tren circulaba de La Raza a Potrero por la L\u00ednea 3. Inmediatamente entran las brigadas de mantenimiento a hacer el recorrido de todo el intertramo e identifican, alrededor de las tres de la ma\u00f1ana, que hay un corte intencional del cable de baja tensi\u00f3n, al darle seguimiento y continuidad al cable cortado, se encuentra que las rejillas de ventilaci\u00f3n, que est\u00e1n tres y medio metros arriba de la superficie de rodamiento del tren, han sido cortadas, violadas y todav\u00eda est\u00e1 la evidencia de los 45 metros de cable que se hab\u00edan cortado y embobinado\u201d, indic\u00f3<\/p>\n\n\n\n<p class=\"wp-block-paragraph\">Otro hecho \u201cat\u00edpico o intencional\u201d denunciado por el STC fueron los da\u00f1os ocurridos la noche del viernes a un aparato de cambio de v\u00eda en Ermita de la L\u00ednea 12.<br>La noche de ayer se identifica este aparato de v\u00eda, un aparato de v\u00eda en el tramo Ermita que presenta un golpe at\u00edpico, un golpe at\u00edpico en el sentido contrario a la circulaci\u00f3n que continuamente, desde hace diez d\u00edas, han estado haciendo nuestros trenes. Acto seguido, se procede a su revisi\u00f3n, a su reparaci\u00f3n completamente absoluta y a la verificaci\u00f3n de todos los sistemas para garantizar la operaci\u00f3n 100% segura, totalmente segura de nuestros usuarios en esta l\u00ednea\u201d, expres\u00f3.<\/p>\n\n\n\n<p class=\"wp-block-paragraph\">El tercer hecho denunciado ocurri\u00f3 la tarde del viernes en la estaci\u00f3n Centro M\u00e9dico de la L\u00ednea 9, cuando una mujer arroj\u00f3 unas aspas de pl\u00e1stico a la zona de v\u00edas.<\/p>\n\n\n\n<p class=\"wp-block-paragraph\">Calder\u00f3n inform\u00f3 sobre otro hecho ocurrido el viernes, que aunque no fue denunciado, si fue relevante porque un usuario arroj\u00f3 una lata de cerveza al paso del tren y provoc\u00f3 un corto circuito en la estaci\u00f3n Santa Anita de la L\u00ednea 8.<\/p>\n\n\n\n<p class=\"wp-block-paragraph\">Fue necesaria la participaci\u00f3n de la Guardia Nacional y hasta el Ej\u00e9rcito para descartar que la lata de cerveza fuera un proyectil que hiciera mayor da\u00f1o.<\/p>\n\n\n\n<p class=\"wp-block-paragraph\">Ah\u00ed lo que sucedi\u00f3, un usuario arroj\u00f3 una lata grande de cerveza que, al paso del tren, provoc\u00f3 un cortocircuito, se hicieron las inspecciones finales y esa fue la conclusi\u00f3n: un objeto met\u00e1lico produjo este corto circuito. Ah\u00ed aprovecho para llamar a todos nuestros usuarios: por favor, no arrojar objetos a las v\u00edas\u201d, dijo.<\/p>\n\n\n\n<p class=\"wp-block-paragraph\">En conferencia de prensa conjunta Calder\u00f3n y el secretario de Gobierno, Mart\u00ed Batres, prefirieron no especular y evitaron calificar los hechos como \u201csabotaje\u201d, en tanto las investigaciones de la Fiscal\u00eda no lo determinen de ese modo, por ello, prefirieron llamarlos \u201chechos at\u00edpicos o intencionales\u201d.<\/p>\n\n\n\n<p class=\"wp-block-paragraph\">De cada una de estas cuestiones se da cuenta a la fiscal\u00eda y la fiscal\u00eda har\u00e1 el an\u00e1lisis, no vamos a precipitar ninguna conclusi\u00f3n\u201d, dijo Batres.<\/p>\n\n\n\n<p class=\"wp-block-paragraph\">Piden protestas pac\u00edficas<br>El secretario de Gobierno, Mart\u00ed Batres, dijo que las autoridades capitalinas no est\u00e1n de acuerdo en que las protestas encabezadas por el llamado Bloque Negro sean violentas y da\u00f1en las instalaciones del Metro.<\/p>\n\n\n\n<p class=\"wp-block-paragraph\">Y presumi\u00f3 que entre los manifestantes se infiltran personas con el objetivo de causar destrozos.<\/p>\n\n\n\n<p class=\"wp-block-paragraph\">No es la primea vez que aparecen, (\u2026) en el Metro han aparecido ya en varias ocasiones y han destrozado torniquetes o vidrios o algunos elementos de las instalaciones del Metro. En estos bloques negros tienen a gente que se infiltra con el objeto de causar este tipo de destrozos\u201d, expres\u00f3.<\/p>\n\n\n\n<p class=\"wp-block-paragraph\">Batres tambi\u00e9n reconoci\u00f3 que existe el derecho a la protesta, pero aclar\u00f3 que el Gobierno de la Ciudad de M\u00e9xico no van a caer en enfrentamientos.<\/p>\n\n\n\n<p class=\"wp-block-paragraph\">Nosotros no estamos de acuerdo en que haya protestas de este tipo, que sean de car\u00e1cter violento, hacemos un llamado a que, si hay alguna protesta y en el marco del derecho a la protesta, \u00e9sta se realice de forma pac\u00edfica.<\/p>\n\n\n\n<p class=\"wp-block-paragraph\">Hacemos un llamado a que no se da\u00f1en las instalaciones del Metro, porque precisamente de lo que estamos hablando es de cuidar las instalaciones del Metro y, por otro lado, tambi\u00e9n queremos se\u00f1alar que tampoco vamos a caer en enfrentamientos, el Gobierno de la Ciudad de M\u00e9xico va a actuar de manera muy prudente y cuidadosa\u201d, dijo.<\/p>\n\n\n\n<p class=\"wp-block-paragraph\">Batres aprovech\u00f3 para denunciar que las protestas tienen intenciones pol\u00edticas de partes de algunos actores, luego de que uno de los j\u00f3venes detenidos es integrante de un partido pol\u00edtico de oposici\u00f3n.<\/p>\n\n\n\n<p class=\"wp-block-paragraph\">El joven que fue llevado por elementos de la Polic\u00eda Bancaria a un Juzgado C\u00edvico y que luego fue liberado inmediatamente (\u2026) ha aparecido la informaci\u00f3n en las redes sociales que es un dirigente del PRD, entonces vemos ah\u00ed una intencionalidad pol\u00edtica tambi\u00e9n de algunos actores\u201d, puntualiz\u00f3.<\/p>\n","protected":false},"excerpt":{"rendered":"<p>El Sistema de Transporte Colectivo (STC) ha presentado tres denuncias ante la Fiscal\u00eda General de Justicia de la Ciudad de M\u00e9xico por hechos \u201cat\u00edpicos o intencionales\u201d que da\u00f1aron las instalaciones del Metro. Estos incidentes denunciados ocurrieron en las \u00faltimas 48 horas a pesar de la vigilancia de los elementos de la Guardia Nacional. En conferencia [&hellip;]<\/p>\n","protected":false},"author":4,"featured_media":19607,"comment_status":"open","ping_status":"open","sticky":false,"template":"","format":"standard","meta":{"om_disable_all_campaigns":false,"_monsterinsights_skip_tracking":false,"footnotes":""},"categories":[176],"tags":[],"class_list":["post-19606","post","type-post","status-publish","format-standard","has-post-thumbnail","hentry","category-nacional"],"amp_enabled":true,"_links":{"self":[{"href":"https:\/\/lahora.mx\/index.php\/wp-json\/wp\/v2\/posts\/19606","targetHints":{"allow":["GET"]}}],"collection":[{"href":"https:\/\/lahora.mx\/index.php\/wp-json\/wp\/v2\/posts"}],"about":[{"href":"https:\/\/lahora.mx\/index.php\/wp-json\/wp\/v2\/types\/post"}],"author":[{"embeddable":true,"href":"https:\/\/lahora.mx\/index.php\/wp-json\/wp\/v2\/users\/4"}],"replies":[{"embeddable":true,"href":"https:\/\/lahora.mx\/index.php\/wp-json\/wp\/v2\/comments?post=19606"}],"version-history":[{"count":1,"href":"https:\/\/lahora.mx\/index.php\/wp-json\/wp\/v2\/posts\/19606\/revisions"}],"predecessor-version":[{"id":19608,"href":"https:\/\/lahora.mx\/index.php\/wp-json\/wp\/v2\/posts\/19606\/revisions\/19608"}],"wp:featuredmedia":[{"embeddable":true,"href":"https:\/\/lahora.mx\/index.php\/wp-json\/wp\/v2\/media\/19607"}],"wp:attachment":[{"href":"https:\/\/lahora.mx\/index.php\/wp-json\/wp\/v2\/media?parent=19606"}],"wp:term":[{"taxonomy":"category","embeddable":true,"href":"https:\/\/lahora.mx\/index.php\/wp-json\/wp\/v2\/categories?post=19606"},{"taxonomy":"post_tag","embeddable":true,"href":"https:\/\/lahora.mx\/index.php\/wp-json\/wp\/v2\/tags?post=19606"}],"curies":[{"name":"wp","href":"https:\/\/api.w.org\/{rel}","templated":true}]}}