{"id":19603,"date":"2023-01-15T17:43:16","date_gmt":"2023-01-15T17:43:16","guid":{"rendered":"http:\/\/lahora.mx\/?p=19603"},"modified":"2023-01-15T17:43:17","modified_gmt":"2023-01-15T17:43:17","slug":"piden-piso-parejo-para-presidenciables","status":"publish","type":"post","link":"https:\/\/lahora.mx\/index.php\/2023\/01\/15\/piden-piso-parejo-para-presidenciables\/","title":{"rendered":"Piden \u2018piso parejo\u2019 para presidenciables"},"content":{"rendered":"\n<p class=\"wp-block-paragraph\">El dirigente de Morena, Mario Delgado, sostuvo un encuentro con gobernadores del partido, en la sede de la Segob, para solicitarles piso parejo para todos los aspirantes a contender por la presidencia en 2024.<\/p>\n\n\n\n<p class=\"wp-block-paragraph\">Delgado plante\u00f3 formalmente a los mandatarios emanados de la 4T garantizar condiciones de equidad en la contienda, de acuerdo con los tiempos establecidos internamente y las disposiciones legales vigentes.<\/p>\n\n\n\n<p class=\"wp-block-paragraph\">Al encuentro acudieron el secretario de Gobernaci\u00f3n, Ad\u00e1n Augusto L\u00f3pez, y la jefa de Gobierno, Claudia Sheinbaum, ambos aspirantes a la candidatura der Morena. Tambi\u00e9n, el presidente del Consejo Nacional del partido y gobernador de Sonora, Alfonso Durazo.<\/p>\n\n\n\n<p class=\"wp-block-paragraph\">Adem\u00e1s, las y los gobernadores de Campeche, Colima, Guerrero, Nayarit, Veracruz, Puebla, Sonora y Tlaxcala, y la secretaria general de Morena, Citlalli Hern\u00e1ndez.<\/p>\n\n\n\n<p class=\"wp-block-paragraph\">Recientemente, integrantes del equipo del canciller Ebrard denunciaron a operadores de Sheinbaum por emprender actos anticipados de campa\u00f1a con la colocaci\u00f3n de anuncios espectaculares financiados por diputados federales.<\/p>\n\n\n\n<p class=\"wp-block-paragraph\">Tras esto, Delgado record\u00f3 a los legisladores que durante una reuni\u00f3n con el presidente L\u00f3pez Obrador se comprometieron a la unidad al interior de Morena. Recientemente el Presidente llam\u00f3 a los interesados en la candidatura de 2024 a actuar con precauci\u00f3n, para evitar sanciones electorales.<\/p>\n\n\n\n<p class=\"wp-block-paragraph\">El presidente nacional de Morena, Mario Delgado, sostuvo un encuentro con gobernadores del partido en la Secretar\u00eda de Gobernaci\u00f3n, en donde les solicit\u00f3 \u201cpiso parejo\u201d para todos los aspirantes a contender por la presidencia en 2024.<\/p>\n\n\n\n<p class=\"wp-block-paragraph\">El dirigente nacional de Morena plante\u00f3 formalmente a los mandatarios morenistas en los estados el garantizar las condiciones de equidad en la contienda para las llamadas corcholatas, de acuerdo con los tiempos establecidos internamente y las disposiciones legales vigentes.<\/p>\n\n\n\n<p class=\"wp-block-paragraph\">En el encuentro estuvieron presentes el secretario de Gobernaci\u00f3n, Ad\u00e1n Augusto L\u00f3pez y la jefa de gobierno de la Ciudad de M\u00e9xico, Claudia Sheinbaum, ambos aspirantes a la presidencia por Morena, y el presidente del Consejo Nacional de Morena, el gobernador de Sonora, Alfonso Durazo.<\/p>\n\n\n\n<p class=\"wp-block-paragraph\">As\u00ed como las y los gobernadores de Campeche, Colima, Guerrero, Nayarit, Veracruz, Puebla, Sonora y Tlaxcala y la secretaria general de Morena, Citlali Hern\u00e1ndez.<\/p>\n\n\n\n<p class=\"wp-block-paragraph\">Recientemente integrantes del equipo del canciller Marcelo Ebrard, denunciaron a operadores de la jefa de Gobierno, Claudia Sheinbaum, por emprender actos anticipados de campa\u00f1a.<\/p>\n\n\n\n<p class=\"wp-block-paragraph\">El mismo Mario Delgado ha se\u00f1alado innecesaria la campa\u00f1a publicitaria de espectaculares que contrataron los diputados federales de Morena en favor de Claudia Sheinbaum.<\/p>\n\n\n\n<p class=\"wp-block-paragraph\">El l\u00edder nacional record\u00f3 a los legisladores morenistas que durante la pasada reuni\u00f3n en Palacio Nacional con el presidente Andr\u00e9s Manuel L\u00f3pez Obrador se comprometieron a la unidad al interior de Morena.<\/p>\n\n\n\n<p class=\"wp-block-paragraph\">Recientemente, el presidente Andr\u00e9s Manuel L\u00f3pez Obrador llam\u00f3 a los interesados obtener la candidatura presidencial por Morena para las elecciones de 2024 a actuar con precauci\u00f3n para evitar sanciones electorales.<\/p>\n","protected":false},"excerpt":{"rendered":"<p>El dirigente de Morena, Mario Delgado, sostuvo un encuentro con gobernadores del partido, en la sede de la Segob, para solicitarles piso parejo para todos los aspirantes a contender por la presidencia en 2024. Delgado plante\u00f3 formalmente a los mandatarios emanados de la 4T garantizar condiciones de equidad en la contienda, de acuerdo con los [&hellip;]<\/p>\n","protected":false},"author":4,"featured_media":19604,"comment_status":"open","ping_status":"open","sticky":false,"template":"","format":"standard","meta":{"om_disable_all_campaigns":false,"_monsterinsights_skip_tracking":false,"footnotes":""},"categories":[176],"tags":[],"class_list":["post-19603","post","type-post","status-publish","format-standard","has-post-thumbnail","hentry","category-nacional"],"amp_enabled":true,"_links":{"self":[{"href":"https:\/\/lahora.mx\/index.php\/wp-json\/wp\/v2\/posts\/19603","targetHints":{"allow":["GET"]}}],"collection":[{"href":"https:\/\/lahora.mx\/index.php\/wp-json\/wp\/v2\/posts"}],"about":[{"href":"https:\/\/lahora.mx\/index.php\/wp-json\/wp\/v2\/types\/post"}],"author":[{"embeddable":true,"href":"https:\/\/lahora.mx\/index.php\/wp-json\/wp\/v2\/users\/4"}],"replies":[{"embeddable":true,"href":"https:\/\/lahora.mx\/index.php\/wp-json\/wp\/v2\/comments?post=19603"}],"version-history":[{"count":1,"href":"https:\/\/lahora.mx\/index.php\/wp-json\/wp\/v2\/posts\/19603\/revisions"}],"predecessor-version":[{"id":19605,"href":"https:\/\/lahora.mx\/index.php\/wp-json\/wp\/v2\/posts\/19603\/revisions\/19605"}],"wp:featuredmedia":[{"embeddable":true,"href":"https:\/\/lahora.mx\/index.php\/wp-json\/wp\/v2\/media\/19604"}],"wp:attachment":[{"href":"https:\/\/lahora.mx\/index.php\/wp-json\/wp\/v2\/media?parent=19603"}],"wp:term":[{"taxonomy":"category","embeddable":true,"href":"https:\/\/lahora.mx\/index.php\/wp-json\/wp\/v2\/categories?post=19603"},{"taxonomy":"post_tag","embeddable":true,"href":"https:\/\/lahora.mx\/index.php\/wp-json\/wp\/v2\/tags?post=19603"}],"curies":[{"name":"wp","href":"https:\/\/api.w.org\/{rel}","templated":true}]}}