{"id":19587,"date":"2023-01-14T23:36:36","date_gmt":"2023-01-14T23:36:36","guid":{"rendered":"http:\/\/lahora.mx\/?p=19587"},"modified":"2023-01-14T23:36:38","modified_gmt":"2023-01-14T23:36:38","slug":"continuan-actividades-de-invierno-de-arte-y-cultura-en-puebla-capital","status":"publish","type":"post","link":"https:\/\/lahora.mx\/index.php\/2023\/01\/14\/continuan-actividades-de-invierno-de-arte-y-cultura-en-puebla-capital\/","title":{"rendered":"Contin\u00faan actividades de invierno de arte y cultura en Puebla capital"},"content":{"rendered":"\n<p>El arte y la cultura est\u00e1n presentes diario en la ciudad de Puebla, tal como lo instruy\u00f3 Eduardo Rivera P\u00e9rez, Presidente Municipal, de lunes a domingo los locales o visitantes pueden ver obras de teatro, escuchar al Mariachi o recorrer una exposici\u00f3n, entre muchas otras cosas.<\/p>\n\n\n\n<figure class=\"wp-block-image size-full\"><img fetchpriority=\"high\" decoding=\"async\" width=\"474\" height=\"471\" src=\"https:\/\/lahora.mx\/wp-content\/uploads\/2023\/01\/Captura-de-pantalla-2023-01-14-a-las-17.34.52.png\" alt=\"\" class=\"wp-image-19590\" srcset=\"https:\/\/lahora.mx\/wp-content\/uploads\/2023\/01\/Captura-de-pantalla-2023-01-14-a-las-17.34.52.png 474w, https:\/\/lahora.mx\/wp-content\/uploads\/2023\/01\/Captura-de-pantalla-2023-01-14-a-las-17.34.52-300x298.png 300w, https:\/\/lahora.mx\/wp-content\/uploads\/2023\/01\/Captura-de-pantalla-2023-01-14-a-las-17.34.52-150x150.png 150w, https:\/\/lahora.mx\/wp-content\/uploads\/2023\/01\/Captura-de-pantalla-2023-01-14-a-las-17.34.52-80x80.png 80w\" sizes=\"(max-width: 474px) 100vw, 474px\" \/><\/figure>\n\n\n\n<p>Para este fin de semana la lista de actividades inicia el s\u00e1bado con la presentaci\u00f3n de \u00ab\u00c1ngeles Marching Band\u00bb a las 4:00 de la tarde en el Jard\u00edn de San Luis, para luego disfrutar del concierto a tres voces por parte del Centro Cultural Jalil Griban a las 5:00, y para cerrar con broche de oro se proyectar\u00e1 en el Z\u00f3calo la pel\u00edcula \u00abEl Laberinto del Fauno\u00bb de Guillermo del Toro como parte del especial \u00abMexicanos en el \u00d3scar\u00bb a las 6:30.<\/p>\n\n\n\n<figure class=\"wp-block-image size-full\"><img decoding=\"async\" width=\"269\" height=\"479\" src=\"https:\/\/lahora.mx\/wp-content\/uploads\/2023\/01\/Captura-de-pantalla-2023-01-14-a-las-17.36.12.png\" alt=\"\" class=\"wp-image-19589\" srcset=\"https:\/\/lahora.mx\/wp-content\/uploads\/2023\/01\/Captura-de-pantalla-2023-01-14-a-las-17.36.12.png 269w, https:\/\/lahora.mx\/wp-content\/uploads\/2023\/01\/Captura-de-pantalla-2023-01-14-a-las-17.36.12-168x300.png 168w\" sizes=\"(max-width: 269px) 100vw, 269px\" \/><\/figure>\n\n\n\n<p>Este domingo el plan art\u00edstico cultural empieza en el Z\u00f3calo a las 12:00 horas con la \u00abBanda Sinf\u00f3nica Municipal\u00bb, a las 16:00 horas con el \u00abBallet Folkl\u00f3rico Compa\u00f1\u00eda de Danza Regional Puebla\u00bb y a las 17:00 horas a bailar danz\u00f3n con Sylvia Marian; a las 18:00 horas la Galer\u00eda de Palacio Municipal abre sus puertas al ciclo de conciertos \u00abM\u00fasica del Silencio. La M\u00fasica de las compositoras olvidadas\u00bb y a la misma hora se presenta un Gala de \u00d3pera en el Teatro de la Ciudad.<\/p>\n\n\n\n<figure class=\"wp-block-image size-full\"><img decoding=\"async\" width=\"472\" height=\"471\" src=\"https:\/\/lahora.mx\/wp-content\/uploads\/2023\/01\/Captura-de-pantalla-2023-01-14-a-las-17.35.14.png\" alt=\"\" class=\"wp-image-19592\" srcset=\"https:\/\/lahora.mx\/wp-content\/uploads\/2023\/01\/Captura-de-pantalla-2023-01-14-a-las-17.35.14.png 472w, https:\/\/lahora.mx\/wp-content\/uploads\/2023\/01\/Captura-de-pantalla-2023-01-14-a-las-17.35.14-300x300.png 300w, https:\/\/lahora.mx\/wp-content\/uploads\/2023\/01\/Captura-de-pantalla-2023-01-14-a-las-17.35.14-150x150.png 150w, https:\/\/lahora.mx\/wp-content\/uploads\/2023\/01\/Captura-de-pantalla-2023-01-14-a-las-17.35.14-80x80.png 80w\" sizes=\"(max-width: 472px) 100vw, 472px\" \/><\/figure>\n\n\n\n<p>Tambi\u00e9n contin\u00faa abierta la Exposici\u00f3n \u00abSaberes: Arte, Tradici\u00f3n, Dise\u00f1o\u00bb en la Galer\u00eda de Palacio Municipal de las 10:00 a las 20:00 horas de lunes a domingo.<\/p>\n\n\n\n<figure class=\"wp-block-image size-full\"><img loading=\"lazy\" decoding=\"async\" width=\"473\" height=\"470\" src=\"https:\/\/lahora.mx\/wp-content\/uploads\/2023\/01\/Captura-de-pantalla-2023-01-14-a-las-17.35.26.png\" alt=\"\" class=\"wp-image-19591\" srcset=\"https:\/\/lahora.mx\/wp-content\/uploads\/2023\/01\/Captura-de-pantalla-2023-01-14-a-las-17.35.26.png 473w, https:\/\/lahora.mx\/wp-content\/uploads\/2023\/01\/Captura-de-pantalla-2023-01-14-a-las-17.35.26-300x298.png 300w, https:\/\/lahora.mx\/wp-content\/uploads\/2023\/01\/Captura-de-pantalla-2023-01-14-a-las-17.35.26-150x150.png 150w, https:\/\/lahora.mx\/wp-content\/uploads\/2023\/01\/Captura-de-pantalla-2023-01-14-a-las-17.35.26-80x80.png 80w\" sizes=\"(max-width: 473px) 100vw, 473px\" \/><\/figure>\n\n\n\n<p>Todos los jueves son de Mariachi en el Z\u00f3calo de Puebla, en punto de las 6:00 de la tarde los acordes regionales se empiezan a escuchar, este 19 de enero tambi\u00e9n se podr\u00e1 disfrutar de \u00abEl Cascanueces\u00bb en el Teatro de la Ciudad, a las 18:00 horas.<\/p>\n\n\n\n<figure class=\"wp-block-image size-full\"><img loading=\"lazy\" decoding=\"async\" width=\"424\" height=\"421\" src=\"https:\/\/lahora.mx\/wp-content\/uploads\/2023\/01\/Captura-de-pantalla-2023-01-14-a-las-17.35.06.png\" alt=\"\" class=\"wp-image-19593\" srcset=\"https:\/\/lahora.mx\/wp-content\/uploads\/2023\/01\/Captura-de-pantalla-2023-01-14-a-las-17.35.06.png 424w, https:\/\/lahora.mx\/wp-content\/uploads\/2023\/01\/Captura-de-pantalla-2023-01-14-a-las-17.35.06-300x298.png 300w, https:\/\/lahora.mx\/wp-content\/uploads\/2023\/01\/Captura-de-pantalla-2023-01-14-a-las-17.35.06-150x150.png 150w, https:\/\/lahora.mx\/wp-content\/uploads\/2023\/01\/Captura-de-pantalla-2023-01-14-a-las-17.35.06-80x80.png 80w\" sizes=\"(max-width: 424px) 100vw, 424px\" \/><\/figure>\n","protected":false},"excerpt":{"rendered":"<p>El arte y la cultura est\u00e1n presentes diario en la ciudad de Puebla, tal como lo instruy\u00f3 Eduardo Rivera P\u00e9rez, Presidente Municipal, de lunes a domingo los locales o visitantes pueden ver obras de teatro, escuchar al Mariachi o recorrer una exposici\u00f3n, entre muchas otras cosas. Para este fin de semana la lista de actividades [&hellip;]<\/p>\n","protected":false},"author":4,"featured_media":19588,"comment_status":"open","ping_status":"open","sticky":false,"template":"","format":"standard","meta":{"om_disable_all_campaigns":false,"_monsterinsights_skip_tracking":false,"_monsterinsights_sitenote_active":false,"_monsterinsights_sitenote_note":"","_monsterinsights_sitenote_category":0,"footnotes":""},"categories":[3,175],"tags":[223],"class_list":["post-19587","post","type-post","status-publish","format-standard","has-post-thumbnail","hentry","category-entretenimiento","category-local","tag-puebla"],"amp_enabled":true,"_links":{"self":[{"href":"https:\/\/lahora.mx\/index.php\/wp-json\/wp\/v2\/posts\/19587","targetHints":{"allow":["GET"]}}],"collection":[{"href":"https:\/\/lahora.mx\/index.php\/wp-json\/wp\/v2\/posts"}],"about":[{"href":"https:\/\/lahora.mx\/index.php\/wp-json\/wp\/v2\/types\/post"}],"author":[{"embeddable":true,"href":"https:\/\/lahora.mx\/index.php\/wp-json\/wp\/v2\/users\/4"}],"replies":[{"embeddable":true,"href":"https:\/\/lahora.mx\/index.php\/wp-json\/wp\/v2\/comments?post=19587"}],"version-history":[{"count":1,"href":"https:\/\/lahora.mx\/index.php\/wp-json\/wp\/v2\/posts\/19587\/revisions"}],"predecessor-version":[{"id":19594,"href":"https:\/\/lahora.mx\/index.php\/wp-json\/wp\/v2\/posts\/19587\/revisions\/19594"}],"wp:featuredmedia":[{"embeddable":true,"href":"https:\/\/lahora.mx\/index.php\/wp-json\/wp\/v2\/media\/19588"}],"wp:attachment":[{"href":"https:\/\/lahora.mx\/index.php\/wp-json\/wp\/v2\/media?parent=19587"}],"wp:term":[{"taxonomy":"category","embeddable":true,"href":"https:\/\/lahora.mx\/index.php\/wp-json\/wp\/v2\/categories?post=19587"},{"taxonomy":"post_tag","embeddable":true,"href":"https:\/\/lahora.mx\/index.php\/wp-json\/wp\/v2\/tags?post=19587"}],"curies":[{"name":"wp","href":"https:\/\/api.w.org\/{rel}","templated":true}]}}