{"id":19573,"date":"2023-01-14T23:16:56","date_gmt":"2023-01-14T23:16:56","guid":{"rendered":"http:\/\/lahora.mx\/?p=19573"},"modified":"2023-01-14T23:16:57","modified_gmt":"2023-01-14T23:16:57","slug":"falla-app-de-banco-azteca","status":"publish","type":"post","link":"https:\/\/lahora.mx\/index.php\/2023\/01\/14\/falla-app-de-banco-azteca\/","title":{"rendered":"Falla App de Banco Azteca"},"content":{"rendered":"\n<p class=\"wp-block-paragraph\">Este s\u00e1bado, usuarios de la App de Banco Azteca reportaron que tuvieron problemas para acceder a sus cuentas, causando malestar porque no pudieron realizar movimientos financieros.<\/p>\n\n\n\n<p class=\"wp-block-paragraph\">\u201cDebido a problemas de conexi\u00f3n, algunos de nuestros servicios est\u00e1n presentando retrasos en su funcionamiento. Lamentamos los inconvenientes, estamos trabajando para que nuestro servicio se normalice cuanto antes\u201d, es el mensaje compartido por la instituci\u00f3n en Twitter.<\/p>\n\n\n\n<p class=\"wp-block-paragraph\">Usuarios de Twitter expresaron su malestar, esto porque no pod\u00edan realizar movimientos bancarios ni en las sucursales, seg\u00fan reportaron.<\/p>\n\n\n\n<p class=\"wp-block-paragraph\">\u201cPrimero me salen con que no pueden atender mi solicitud y que intente m\u00e1s tarde\u2026 Y ahora me salen conque detectaron que mi internen est\u00e1 intermitente y que revise mi conexi\u00f3n. Ya empezaron a culpar al usuario\u201d, es una de las reacciones que se leen en la red sociales.<\/p>\n\n\n\n<p class=\"wp-block-paragraph\">\u201cLlevo m\u00e1s de una hora intentando entrar a la app y nada, vine a sucursal y lo mismo, no me fallen por favor, gracias\u201d, es otra de las quejas.<\/p>\n\n\n\n<p class=\"wp-block-paragraph\">Ricardo Salinas Pliego no tard\u00f3 en dar la cara ante los problemas que se generaron y expres\u00f3: \u201cEfectivamente, me comentan que hay intermitencias con la App de @BancoAzteca en algunas partes del pa\u00eds\u2026 Estamos trabajando para solucionarlo, ya saben que cualquier cosa que necesiten aqu\u00ed estoy para ayudarles personalmente\u201d.<\/p>\n\n\n\n<p class=\"wp-block-paragraph\">Adem\u00e1s, el empresario expres\u00f3 su deseo de que Bancomer no aproveche este momento.<\/p>\n\n\n\n<p class=\"wp-block-paragraph\">\u201cEl personal de sistemas est\u00e1 trabajando para resolver el problema\u2026 Espero que #Bancomer no aproveche el momento\u201d, escribi\u00f3 Salinas Pliego.<\/p>\n\n\n\n<p class=\"wp-block-paragraph\">Usuarios afectados por la falla de la App de Banco Azteca han expresado los problemas generados y que incluso en el banco no pudieron acceder a su cuenta. Incluso un usuario expres\u00f3 que las fallas estaban afectando su cumplea\u00f1os, porque no pod\u00eda hacer movimientos.<\/p>\n","protected":false},"excerpt":{"rendered":"<p>Este s\u00e1bado, usuarios de la App de Banco Azteca reportaron que tuvieron problemas para acceder a sus cuentas, causando malestar porque no pudieron realizar movimientos financieros. \u201cDebido a problemas de conexi\u00f3n, algunos de nuestros servicios est\u00e1n presentando retrasos en su funcionamiento. Lamentamos los inconvenientes, estamos trabajando para que nuestro servicio se normalice cuanto antes\u201d, es [&hellip;]<\/p>\n","protected":false},"author":4,"featured_media":19574,"comment_status":"open","ping_status":"open","sticky":false,"template":"","format":"standard","meta":{"om_disable_all_campaigns":false,"_monsterinsights_skip_tracking":false,"footnotes":""},"categories":[176],"tags":[195,223],"class_list":["post-19573","post","type-post","status-publish","format-standard","has-post-thumbnail","hentry","category-nacional","tag-principal","tag-puebla"],"amp_enabled":true,"_links":{"self":[{"href":"https:\/\/lahora.mx\/index.php\/wp-json\/wp\/v2\/posts\/19573","targetHints":{"allow":["GET"]}}],"collection":[{"href":"https:\/\/lahora.mx\/index.php\/wp-json\/wp\/v2\/posts"}],"about":[{"href":"https:\/\/lahora.mx\/index.php\/wp-json\/wp\/v2\/types\/post"}],"author":[{"embeddable":true,"href":"https:\/\/lahora.mx\/index.php\/wp-json\/wp\/v2\/users\/4"}],"replies":[{"embeddable":true,"href":"https:\/\/lahora.mx\/index.php\/wp-json\/wp\/v2\/comments?post=19573"}],"version-history":[{"count":1,"href":"https:\/\/lahora.mx\/index.php\/wp-json\/wp\/v2\/posts\/19573\/revisions"}],"predecessor-version":[{"id":19575,"href":"https:\/\/lahora.mx\/index.php\/wp-json\/wp\/v2\/posts\/19573\/revisions\/19575"}],"wp:featuredmedia":[{"embeddable":true,"href":"https:\/\/lahora.mx\/index.php\/wp-json\/wp\/v2\/media\/19574"}],"wp:attachment":[{"href":"https:\/\/lahora.mx\/index.php\/wp-json\/wp\/v2\/media?parent=19573"}],"wp:term":[{"taxonomy":"category","embeddable":true,"href":"https:\/\/lahora.mx\/index.php\/wp-json\/wp\/v2\/categories?post=19573"},{"taxonomy":"post_tag","embeddable":true,"href":"https:\/\/lahora.mx\/index.php\/wp-json\/wp\/v2\/tags?post=19573"}],"curies":[{"name":"wp","href":"https:\/\/api.w.org\/{rel}","templated":true}]}}