{"id":19560,"date":"2023-01-14T19:59:11","date_gmt":"2023-01-14T19:59:11","guid":{"rendered":"http:\/\/lahora.mx\/?p=19560"},"modified":"2023-01-14T19:59:12","modified_gmt":"2023-01-14T19:59:12","slug":"asi-amanece-puebla-cubierto-de-hielo-por-las-heladas","status":"publish","type":"post","link":"https:\/\/lahora.mx\/index.php\/2023\/01\/14\/asi-amanece-puebla-cubierto-de-hielo-por-las-heladas\/","title":{"rendered":"As\u00ed amanece Puebla cubierto de hielo por las heladas"},"content":{"rendered":"\n<p>Un fr\u00edo amanecer sorprendi\u00f3 a decenas de poblanos luego de que campos de cultivos y autos estuvieran cubiertos de hielo.<\/p>\n\n\n\n<p>A trav\u00e9s de las redes sociales, se compartieron im\u00e1genes y videos de la helada que cay\u00f3 en varios municipios de Puebla, como Chignahuapan, Ciudad Serd\u00e1n, Tetela de Ocampo, San Jos\u00e9 Chiapa, entre otros.<\/p>\n\n\n\n<p>Las temperaturas que registraron fueron de hasta -5 \u00b0C.<\/p>\n\n\n\n<p>De acuerdo con la Comisi\u00f3n Nacional del Agua (Conagua) inform\u00f3 que este s\u00e1bado se presentaron bajas temperaturas en las zonas altas de Baja California, Sonora, Quer\u00e9taro, Puebla, Tlaxcala, Estado de M\u00e9xico, por mencionar algunos.<\/p>\n","protected":false},"excerpt":{"rendered":"<p>Un fr\u00edo amanecer sorprendi\u00f3 a decenas de poblanos luego de que campos de cultivos y autos estuvieran cubiertos de hielo. A trav\u00e9s de las redes sociales, se compartieron im\u00e1genes y videos de la helada que cay\u00f3 en varios municipios de Puebla, como Chignahuapan, Ciudad Serd\u00e1n, Tetela de Ocampo, San Jos\u00e9 Chiapa, entre otros. Las temperaturas [&hellip;]<\/p>\n","protected":false},"author":4,"featured_media":19561,"comment_status":"open","ping_status":"open","sticky":false,"template":"","format":"standard","meta":{"om_disable_all_campaigns":false,"_monsterinsights_skip_tracking":false,"_monsterinsights_sitenote_active":false,"_monsterinsights_sitenote_note":"","_monsterinsights_sitenote_category":0,"footnotes":""},"categories":[175],"tags":[223],"class_list":["post-19560","post","type-post","status-publish","format-standard","has-post-thumbnail","hentry","category-local","tag-puebla"],"amp_enabled":true,"_links":{"self":[{"href":"https:\/\/lahora.mx\/index.php\/wp-json\/wp\/v2\/posts\/19560","targetHints":{"allow":["GET"]}}],"collection":[{"href":"https:\/\/lahora.mx\/index.php\/wp-json\/wp\/v2\/posts"}],"about":[{"href":"https:\/\/lahora.mx\/index.php\/wp-json\/wp\/v2\/types\/post"}],"author":[{"embeddable":true,"href":"https:\/\/lahora.mx\/index.php\/wp-json\/wp\/v2\/users\/4"}],"replies":[{"embeddable":true,"href":"https:\/\/lahora.mx\/index.php\/wp-json\/wp\/v2\/comments?post=19560"}],"version-history":[{"count":1,"href":"https:\/\/lahora.mx\/index.php\/wp-json\/wp\/v2\/posts\/19560\/revisions"}],"predecessor-version":[{"id":19562,"href":"https:\/\/lahora.mx\/index.php\/wp-json\/wp\/v2\/posts\/19560\/revisions\/19562"}],"wp:featuredmedia":[{"embeddable":true,"href":"https:\/\/lahora.mx\/index.php\/wp-json\/wp\/v2\/media\/19561"}],"wp:attachment":[{"href":"https:\/\/lahora.mx\/index.php\/wp-json\/wp\/v2\/media?parent=19560"}],"wp:term":[{"taxonomy":"category","embeddable":true,"href":"https:\/\/lahora.mx\/index.php\/wp-json\/wp\/v2\/categories?post=19560"},{"taxonomy":"post_tag","embeddable":true,"href":"https:\/\/lahora.mx\/index.php\/wp-json\/wp\/v2\/tags?post=19560"}],"curies":[{"name":"wp","href":"https:\/\/api.w.org\/{rel}","templated":true}]}}