{"id":19557,"date":"2023-01-14T19:54:55","date_gmt":"2023-01-14T19:54:55","guid":{"rendered":"http:\/\/lahora.mx\/?p=19557"},"modified":"2023-01-14T22:49:06","modified_gmt":"2023-01-14T22:49:06","slug":"tono-lopez-es-el-nuevo-coordinador-de-la-bancada-del-pt-en-congreso-de-puebla","status":"publish","type":"post","link":"https:\/\/lahora.mx\/index.php\/2023\/01\/14\/tono-lopez-es-el-nuevo-coordinador-de-la-bancada-del-pt-en-congreso-de-puebla\/","title":{"rendered":"To\u00f1o L\u00f3pez, es el nuevo coordinador de la bancada del PT en Congreso de Puebla"},"content":{"rendered":"\n<p>El diputado Antonio L\u00f3pez Ruiz ser\u00e1 el nuevo coordinador de la bancada de diputados del PT en Congreso del Estado de Puebla, ya que Nora Merino Escamilla dej\u00f3 coordinaci\u00f3n de los cinco diputados petistas.<\/p>\n\n\n\n<p>Merino Escamilla ser\u00e1 la encargada de la afiliaci\u00f3n de al PT en la capital de Puebla, con el fin de reforzar al partido de cara a las elecciones del pr\u00f3ximo 2024.<\/p>\n\n\n\n<p>Ernesto Villaruel, comisionado pol\u00edtico del Pt, asegur\u00f3 que la decisi\u00f3n fue propuesta por el dirigente Mariano Hern\u00e1ndez, quien le cedi\u00f3 la coordinaci\u00f3n a Antonio L\u00f3pez.<\/p>\n\n\n\n<p>En ese contexto, el comisionado manifest\u00f3 que Antonio L\u00f3pez es un perfil fuerte que podr\u00e1 ayudar en continuar con la cuarta transformaci\u00f3n de Puebla.<\/p>\n\n\n\n<p>\u00abTomamos la decisi\u00f3n de que est\u00e1 posici\u00f3n fuera rotativa, hoy To\u00f1o tiene un trabajo muy activo en la capital, es un gran activo pol\u00edtico por lo que se consider\u00f3 que la persona adecuada para conducir esta fracci\u00f3n es To\u00f1o L\u00f3pez\u00bb, dijo.<\/p>\n\n\n\n<p>Asimismo, se dio a conocer que Nora Merino Escamilla ser\u00e1 la dirigente de la afiliaci\u00f3n en Puebla capital y buscar\u00e1 dirigir.<\/p>\n","protected":false},"excerpt":{"rendered":"<p>El diputado Antonio L\u00f3pez Ruiz ser\u00e1 el nuevo coordinador de la bancada de diputados del PT en Congreso del Estado de Puebla, ya que Nora Merino Escamilla dej\u00f3 coordinaci\u00f3n de los cinco diputados petistas. Merino Escamilla ser\u00e1 la encargada de la afiliaci\u00f3n de al PT en la capital de Puebla, con el fin de reforzar [&hellip;]<\/p>\n","protected":false},"author":4,"featured_media":19558,"comment_status":"open","ping_status":"open","sticky":false,"template":"","format":"standard","meta":{"om_disable_all_campaigns":false,"_monsterinsights_skip_tracking":false,"_monsterinsights_sitenote_active":false,"_monsterinsights_sitenote_note":"","_monsterinsights_sitenote_category":0,"footnotes":""},"categories":[175],"tags":[195,223],"class_list":["post-19557","post","type-post","status-publish","format-standard","has-post-thumbnail","hentry","category-local","tag-principal","tag-puebla"],"amp_enabled":true,"_links":{"self":[{"href":"https:\/\/lahora.mx\/index.php\/wp-json\/wp\/v2\/posts\/19557","targetHints":{"allow":["GET"]}}],"collection":[{"href":"https:\/\/lahora.mx\/index.php\/wp-json\/wp\/v2\/posts"}],"about":[{"href":"https:\/\/lahora.mx\/index.php\/wp-json\/wp\/v2\/types\/post"}],"author":[{"embeddable":true,"href":"https:\/\/lahora.mx\/index.php\/wp-json\/wp\/v2\/users\/4"}],"replies":[{"embeddable":true,"href":"https:\/\/lahora.mx\/index.php\/wp-json\/wp\/v2\/comments?post=19557"}],"version-history":[{"count":1,"href":"https:\/\/lahora.mx\/index.php\/wp-json\/wp\/v2\/posts\/19557\/revisions"}],"predecessor-version":[{"id":19559,"href":"https:\/\/lahora.mx\/index.php\/wp-json\/wp\/v2\/posts\/19557\/revisions\/19559"}],"wp:featuredmedia":[{"embeddable":true,"href":"https:\/\/lahora.mx\/index.php\/wp-json\/wp\/v2\/media\/19558"}],"wp:attachment":[{"href":"https:\/\/lahora.mx\/index.php\/wp-json\/wp\/v2\/media?parent=19557"}],"wp:term":[{"taxonomy":"category","embeddable":true,"href":"https:\/\/lahora.mx\/index.php\/wp-json\/wp\/v2\/categories?post=19557"},{"taxonomy":"post_tag","embeddable":true,"href":"https:\/\/lahora.mx\/index.php\/wp-json\/wp\/v2\/tags?post=19557"}],"curies":[{"name":"wp","href":"https:\/\/api.w.org\/{rel}","templated":true}]}}