{"id":19544,"date":"2023-01-13T23:42:22","date_gmt":"2023-01-13T23:42:22","guid":{"rendered":"http:\/\/lahora.mx\/?p=19544"},"modified":"2023-01-13T23:42:22","modified_gmt":"2023-01-13T23:42:22","slug":"tres-muertos-en-menos-de-24-horas-en-ajalpan","status":"publish","type":"post","link":"https:\/\/lahora.mx\/index.php\/2023\/01\/13\/tres-muertos-en-menos-de-24-horas-en-ajalpan\/","title":{"rendered":"Tres muertos en menos de 24 horas en Ajalpan"},"content":{"rendered":"\n<p>Entre la noche del 12 de enero y la ma\u00f1ana de este viernes se registraron dos movilizaciones polic\u00edacas que dieron como resultado tres ejecutados en Ajalpan; esto se suma a los cuatro homicidios registrados en los dos meses anteriores, por lo que los ciudadanos acusan la falta de estrategia de seguridad que aqueja al municipio.<\/p>\n\n\n\n<p>Ejecutan a un hombre y hieren a otro afuera de un anexo en Ajalpan<br>Durante la noche de este jueves un hombre identificado como Fabian N., de aproximadamente 40 a\u00f1os de edad, fue ejecutado en la v\u00eda p\u00fablica cuando se encontraba a las afueras de un anexo en la calle Ju\u00e1rez de la colonia San Miguel, municipio de Ajalpan.<\/p>\n\n\n\n<p>Testigos refirieron que la v\u00edctima se encontraba platicando con otras personas, cuando sujetos armados a bordo de una camioneta blanca descendieron de la unidad y abrieron fuego, quit\u00e1ndole la vida a Fabian y dejando severamente herido a otro sujeto.<br>Con respecto al herido, se especul\u00f3 que perdi\u00f3 la vida durante el trayecto al nosocomio o dentro de la instituci\u00f3n de salud, sin embargo, hasta el momento contin\u00faa hospitalizado tras recibir varios cachazos en la cabeza y cuerpo.<\/p>\n\n\n\n<p>Trascendi\u00f3 que los elementos de Seguridad P\u00fablica de ese municipio acudieron al llamado, pero fueron recibidos a balazos, por lo cual se inici\u00f3 una persecuci\u00f3n que dur\u00f3 varios minutos y que lleg\u00f3 hasta la \u00abY\u00bb de San Gabriel Chilac, donde nuevamente se gener\u00f3 un enfrentamiento, sin embargo, no hubo detenidos.<\/p>\n\n\n\n<p>Aunque en un principio se habl\u00f3 de un comando armado que hab\u00eda ingresado al anexo, e incluso se especul\u00f3 que hab\u00eda varios muertos, la versi\u00f3n fue descartada y solo se confirm\u00f3 la muerte de una persona.<\/p>\n\n\n\n<p>Ejecutan a dos hombres en la zona de \u00abPared Blanca\u00bb, Ajalpan<br>Durante la ma\u00f1ana de este viernes, otros dos cuerpos fueron localizados en el sitio conocido como \u00abPared Blanca\u00bb, se sabe que son dos j\u00f3venes de aproximadamente 18 y 25 a\u00f1os, quienes fueron hallados maniatados y con huellas de tortura.<\/p>\n\n\n\n<p>Al lugar arribaron T\u00e9cnicos en Urgencias M\u00e9dicas (TUM) de Protecci\u00f3n Civil y Bomberos de Ajalpan, quienes realizaron el acercamiento con los cuerpos, no obstante, ya no contaban con signos vitales y fueron declarados muertos.<\/p>\n\n\n\n<p>Tambi\u00e9n hicieron presencia elementos del Ej\u00e9rcito Mexicano y Polic\u00eda Municipal, esta \u00faltima corporaci\u00f3n realiz\u00f3 rondines en busca de los responsables sin tener \u00e9xito.<\/p>\n\n\n\n<p>Ejecutados en Ajalpan durante noviembre y diciembre 2022<br>La ola de violencia en Ajalpan comenz\u00f3 desde el 2 de noviembre con el asesinato de Manuel N., alias \u201cEl Cape\u201d, quien presuntamente estaba ligado a la venta de droga en el municipio.<\/p>\n\n\n\n<p>Tras un mes de aparente calma asesinaron a un empresario de nombre Jos\u00e9 Benito el 10 de diciembre en un ataque directo, su cuerpo qued\u00f3 tendido en calles de este municipio; el 19 de diciembre fue ejecutado Nicolas N., de 37 a\u00f1os, cuya mujer result\u00f3 herida tras el ataque; mientras que el 25 de diciembre un sujeto conocido como \u00abEl Chori\u00bb fue privado de la vida.<\/p>\n\n\n\n<p>Hasta el momento el presidente municipal de Ajalpan, Sergio Sandoval Paniagua, no ha emitido su postura al respecto luego de la ola delincuencial que azota su municipio, mientras pobladores convocan a marchas para exigirle al edil una explicaci\u00f3n.<\/p>\n\n\n\n<p>\u00abAnte los hechos tan lamentables ocurridos en nuestro municipio Ajalpan, me queda claro que no hay una clara estrategia de seguridad ni colaboraci\u00f3n con las dependencias, exigimos, como ciudadanos, que den muestras claras de un plan de seguridad eficiente, tristemente las ejecuciones no deben ser nuestro pan de cada d\u00eda\u00bb, comentaron usuarios en redes sociales.<\/p>\n","protected":false},"excerpt":{"rendered":"<p>Entre la noche del 12 de enero y la ma\u00f1ana de este viernes se registraron dos movilizaciones polic\u00edacas que dieron como resultado tres ejecutados en Ajalpan; esto se suma a los cuatro homicidios registrados en los dos meses anteriores, por lo que los ciudadanos acusan la falta de estrategia de seguridad que aqueja al municipio. [&hellip;]<\/p>\n","protected":false},"author":4,"featured_media":19545,"comment_status":"open","ping_status":"open","sticky":false,"template":"","format":"standard","meta":{"om_disable_all_campaigns":false,"_monsterinsights_skip_tracking":false,"_monsterinsights_sitenote_active":false,"_monsterinsights_sitenote_note":"","_monsterinsights_sitenote_category":0,"footnotes":""},"categories":[175],"tags":[223],"class_list":["post-19544","post","type-post","status-publish","format-standard","has-post-thumbnail","hentry","category-local","tag-puebla"],"amp_enabled":true,"_links":{"self":[{"href":"https:\/\/lahora.mx\/index.php\/wp-json\/wp\/v2\/posts\/19544","targetHints":{"allow":["GET"]}}],"collection":[{"href":"https:\/\/lahora.mx\/index.php\/wp-json\/wp\/v2\/posts"}],"about":[{"href":"https:\/\/lahora.mx\/index.php\/wp-json\/wp\/v2\/types\/post"}],"author":[{"embeddable":true,"href":"https:\/\/lahora.mx\/index.php\/wp-json\/wp\/v2\/users\/4"}],"replies":[{"embeddable":true,"href":"https:\/\/lahora.mx\/index.php\/wp-json\/wp\/v2\/comments?post=19544"}],"version-history":[{"count":1,"href":"https:\/\/lahora.mx\/index.php\/wp-json\/wp\/v2\/posts\/19544\/revisions"}],"predecessor-version":[{"id":19546,"href":"https:\/\/lahora.mx\/index.php\/wp-json\/wp\/v2\/posts\/19544\/revisions\/19546"}],"wp:featuredmedia":[{"embeddable":true,"href":"https:\/\/lahora.mx\/index.php\/wp-json\/wp\/v2\/media\/19545"}],"wp:attachment":[{"href":"https:\/\/lahora.mx\/index.php\/wp-json\/wp\/v2\/media?parent=19544"}],"wp:term":[{"taxonomy":"category","embeddable":true,"href":"https:\/\/lahora.mx\/index.php\/wp-json\/wp\/v2\/categories?post=19544"},{"taxonomy":"post_tag","embeddable":true,"href":"https:\/\/lahora.mx\/index.php\/wp-json\/wp\/v2\/tags?post=19544"}],"curies":[{"name":"wp","href":"https:\/\/api.w.org\/{rel}","templated":true}]}}