{"id":19541,"date":"2023-01-13T23:39:47","date_gmt":"2023-01-13T23:39:47","guid":{"rendered":"http:\/\/lahora.mx\/?p=19541"},"modified":"2023-01-13T23:39:48","modified_gmt":"2023-01-13T23:39:48","slug":"no-soy-referi-para-levantar-manos-menciona-adan-augusto-en-puebla","status":"publish","type":"post","link":"https:\/\/lahora.mx\/index.php\/2023\/01\/13\/no-soy-referi-para-levantar-manos-menciona-adan-augusto-en-puebla\/","title":{"rendered":"No soy r\u00e9feri para levantar manos menciona Ad\u00e1n Augusto en Puebla"},"content":{"rendered":"\n<p>Durante su primer encuentro con medios de comunicaci\u00f3n en Puebla, el Secretario de Gobernaci\u00f3n, Ad\u00e1n Augusto L\u00f3pez Hern\u00e1ndez, reconoci\u00f3 que para el gobierno de la Rep\u00fablica, el gobernador de Puebla es Sergio C\u00e9spedes Peregrina, al avalar su designaci\u00f3n a un mes de la muerte del ex gobernador Miguel Barbosa Huerta al tiempo que dijo que ser\u00e1 el mismo C\u00e9spedes Peregrina quien deber\u00e1 consolidar el proyecto de transformaci\u00f3n que ya se realizaba en la entidad.<\/p>\n\n\n\n<p>Aclar\u00f3 que su agenda de trabajo durante este d\u00eda en Puebla corresponde a una gira meramente institucional y dijo \u201cyo no soy r\u00e9feri para andarle levantando la mano a nadie\u201d luego de la controversia que se gener\u00f3 durante los \u00faltimos d\u00edas, por su cercan\u00eda con coordinador de los diputados federales de Morena, Ignacio Mier y tambi\u00e9n con el presidente del Senado, Alejandro Armenta.<br>En este sentido L\u00f3pez Hern\u00e1ndez reconoci\u00f3 la amistad personal que tiene con cada uno de los dos pol\u00edticos poblanos, sin embargo, se limit\u00f3 a decir que su responsabilidad es trabajar por la gobernabilidad del pa\u00eds.<\/p>\n\n\n\n<p>Sin especificar los temas que abordar\u00e1 m\u00e1s tarde con la dirigencia estatal de Morena, con consejeros estatales y nacionales, el secretario federal reconoci\u00f3 que se mantendr\u00e1 al margen de sus atribuciones y dijo \u201cyo no soy quien toma las decisiones en la vida interna de los partidos\u201d.<br>Finalmente, el secretario de Gobernaci\u00f3n Ad\u00e1n Augusto L\u00f3pez inform\u00f3 que se trabaja en la estrategia para reforzar la vigilancia en las carreteras M\u00e9xico-Puebla y Puebla-Veracruz donde se han incrementado los robos a transporte durante los \u00faltimos meses, por ello anunci\u00f3 un incremento de presencia de elementos de la Guardia Nacional sin dar m\u00e1s detalles.<\/p>\n","protected":false},"excerpt":{"rendered":"<p>Durante su primer encuentro con medios de comunicaci\u00f3n en Puebla, el Secretario de Gobernaci\u00f3n, Ad\u00e1n Augusto L\u00f3pez Hern\u00e1ndez, reconoci\u00f3 que para el gobierno de la Rep\u00fablica, el gobernador de Puebla es Sergio C\u00e9spedes Peregrina, al avalar su designaci\u00f3n a un mes de la muerte del ex gobernador Miguel Barbosa Huerta al tiempo que dijo que [&hellip;]<\/p>\n","protected":false},"author":4,"featured_media":19542,"comment_status":"open","ping_status":"open","sticky":false,"template":"","format":"standard","meta":{"om_disable_all_campaigns":false,"_monsterinsights_skip_tracking":false,"_monsterinsights_sitenote_active":false,"_monsterinsights_sitenote_note":"","_monsterinsights_sitenote_category":0,"footnotes":""},"categories":[175],"tags":[223],"class_list":["post-19541","post","type-post","status-publish","format-standard","has-post-thumbnail","hentry","category-local","tag-puebla"],"amp_enabled":true,"_links":{"self":[{"href":"https:\/\/lahora.mx\/index.php\/wp-json\/wp\/v2\/posts\/19541","targetHints":{"allow":["GET"]}}],"collection":[{"href":"https:\/\/lahora.mx\/index.php\/wp-json\/wp\/v2\/posts"}],"about":[{"href":"https:\/\/lahora.mx\/index.php\/wp-json\/wp\/v2\/types\/post"}],"author":[{"embeddable":true,"href":"https:\/\/lahora.mx\/index.php\/wp-json\/wp\/v2\/users\/4"}],"replies":[{"embeddable":true,"href":"https:\/\/lahora.mx\/index.php\/wp-json\/wp\/v2\/comments?post=19541"}],"version-history":[{"count":1,"href":"https:\/\/lahora.mx\/index.php\/wp-json\/wp\/v2\/posts\/19541\/revisions"}],"predecessor-version":[{"id":19543,"href":"https:\/\/lahora.mx\/index.php\/wp-json\/wp\/v2\/posts\/19541\/revisions\/19543"}],"wp:featuredmedia":[{"embeddable":true,"href":"https:\/\/lahora.mx\/index.php\/wp-json\/wp\/v2\/media\/19542"}],"wp:attachment":[{"href":"https:\/\/lahora.mx\/index.php\/wp-json\/wp\/v2\/media?parent=19541"}],"wp:term":[{"taxonomy":"category","embeddable":true,"href":"https:\/\/lahora.mx\/index.php\/wp-json\/wp\/v2\/categories?post=19541"},{"taxonomy":"post_tag","embeddable":true,"href":"https:\/\/lahora.mx\/index.php\/wp-json\/wp\/v2\/tags?post=19541"}],"curies":[{"name":"wp","href":"https:\/\/api.w.org\/{rel}","templated":true}]}}