{"id":1953,"date":"2022-01-21T00:42:28","date_gmt":"2022-01-21T00:42:28","guid":{"rendered":"http:\/\/lahora.mx\/?p=1953"},"modified":"2022-01-21T00:43:33","modified_gmt":"2022-01-21T00:43:33","slug":"barbosa-expresa-que-fueron-uno-animales-y-advierte-castigar-severamente-por-muerte-de-nina","status":"publish","type":"post","link":"https:\/\/lahora.mx\/index.php\/2022\/01\/21\/barbosa-expresa-que-fueron-uno-animales-y-advierte-castigar-severamente-por-muerte-de-nina\/","title":{"rendered":"Barbosa expresa que \u201cFueron uno animales\u201d y advierte castigar severamente por muerte de ni\u00f1a"},"content":{"rendered":"<p>En conferencia de prensa, el mandatario dijo que su administraci\u00f3n y la Fiscal\u00eda General del Estado de Puebla (FGE) investigar\u00e1n el caso, sin embargo, dijo que\u00a0 todos tienen que colaborar \u00a0y por ello, pidi\u00f3 a los ciudadanos de Zoquitl\u00e1n, a los familiares de la menor, a los polic\u00edas y a las autoridades municipales que brinden m\u00e1s datos para dar con los responsables.<br \/>\n\u201cFueron uno animales\u201d, fue lo que opin\u00f3 el gobernador Luis Miguel Barbosa Huerta por el caso.<\/p>\n<p>Miguel Barbosa dijo que si todos apoyan\u00a0 van a encontrar al culpable o los culpables \u00a0m\u00e1s r\u00e1pido y posteriormente podr\u00e1n aplicarles la ley como se lo merecen.\u00a0 \u00abSi encontramos m\u00e1s r\u00e1pido a estos animales podremos aplicar la ley de manera sin restricciones y absoluta\u00bb concluy\u00f3.<\/p>\n<p>Se dio a conocer que una ni\u00f1a de 10 a\u00f1os fue hallada muerta con huellas de violencia en el barrio de Coyotzonga, perteneciente al municipio de Zoquitl\u00e1n. Aparentemente el 17 de enero, la menor acudir\u00eda a la casa de una de sus vecinas.<\/p>\n<p>Despu\u00e9s de un par de horas, sus familiares notaron que no regresaba, por lo tanto, acudieron a la vivienda de la vecina, misma que les inform\u00f3 que la ni\u00f1a nunca lleg\u00f3, motivo por el cual se presume que en el trayecto fue interceptada por personas desconocidas que la privaron de la vida.<\/p>\n<p>Hay que mencionar que previo a la desaparici\u00f3n, pobladores hab\u00edan visualizado en la zona a un grupo de sujetos desconocidos ingiriendo bebidas alcoh\u00f3licas por el pueblo.<\/p>\n<p>Por esta situaci\u00f3n, los habitantes del municipio de Zoquitl\u00e1n convocaron a una marcha pac\u00edfica para exigir a las autoridades de los tres \u00f3rdenes de gobierno intervenir para que el caso no quede impune.<\/p>\n","protected":false},"excerpt":{"rendered":"<p>En conferencia de prensa, el mandatario dijo que su administraci\u00f3n y la Fiscal\u00eda General del Estado de Puebla (FGE) investigar\u00e1n el caso, sin embargo, dijo que\u00a0 todos tienen que colaborar \u00a0y por ello, pidi\u00f3 a los ciudadanos de Zoquitl\u00e1n, a los familiares de la menor, a los polic\u00edas y a las autoridades municipales que brinden [&hellip;]<\/p>\n","protected":false},"author":4,"featured_media":1955,"comment_status":"open","ping_status":"open","sticky":false,"template":"","format":"standard","meta":{"om_disable_all_campaigns":true,"_monsterinsights_skip_tracking":false,"_monsterinsights_sitenote_active":false,"_monsterinsights_sitenote_note":"","_monsterinsights_sitenote_category":0,"footnotes":""},"categories":[175],"tags":[195],"class_list":["post-1953","post","type-post","status-publish","format-standard","has-post-thumbnail","hentry","category-local","tag-principal"],"amp_enabled":true,"_links":{"self":[{"href":"https:\/\/lahora.mx\/index.php\/wp-json\/wp\/v2\/posts\/1953","targetHints":{"allow":["GET"]}}],"collection":[{"href":"https:\/\/lahora.mx\/index.php\/wp-json\/wp\/v2\/posts"}],"about":[{"href":"https:\/\/lahora.mx\/index.php\/wp-json\/wp\/v2\/types\/post"}],"author":[{"embeddable":true,"href":"https:\/\/lahora.mx\/index.php\/wp-json\/wp\/v2\/users\/4"}],"replies":[{"embeddable":true,"href":"https:\/\/lahora.mx\/index.php\/wp-json\/wp\/v2\/comments?post=1953"}],"version-history":[{"count":1,"href":"https:\/\/lahora.mx\/index.php\/wp-json\/wp\/v2\/posts\/1953\/revisions"}],"predecessor-version":[{"id":1954,"href":"https:\/\/lahora.mx\/index.php\/wp-json\/wp\/v2\/posts\/1953\/revisions\/1954"}],"wp:featuredmedia":[{"embeddable":true,"href":"https:\/\/lahora.mx\/index.php\/wp-json\/wp\/v2\/media\/1955"}],"wp:attachment":[{"href":"https:\/\/lahora.mx\/index.php\/wp-json\/wp\/v2\/media?parent=1953"}],"wp:term":[{"taxonomy":"category","embeddable":true,"href":"https:\/\/lahora.mx\/index.php\/wp-json\/wp\/v2\/categories?post=1953"},{"taxonomy":"post_tag","embeddable":true,"href":"https:\/\/lahora.mx\/index.php\/wp-json\/wp\/v2\/tags?post=1953"}],"curies":[{"name":"wp","href":"https:\/\/api.w.org\/{rel}","templated":true}]}}