{"id":19511,"date":"2023-01-13T17:18:40","date_gmt":"2023-01-13T17:18:40","guid":{"rendered":"http:\/\/lahora.mx\/?p=19511"},"modified":"2023-01-13T17:18:41","modified_gmt":"2023-01-13T17:18:41","slug":"padres-de-familia-exigen-destitucion-de-la-directora-del-celma","status":"publish","type":"post","link":"https:\/\/lahora.mx\/index.php\/2023\/01\/13\/padres-de-familia-exigen-destitucion-de-la-directora-del-celma\/","title":{"rendered":"Padres de familia exigen destituci\u00f3n de la directora del CELMA"},"content":{"rendered":"\n<p>La ma\u00f1ana de este viernes, alumnos y padres de familia del Centro Escolar Lic. Miguel Alem\u00e1n (CELMA), de San Pedro Cholula, se manifestaron a las afueras de la instituci\u00f3n para exigir la destituci\u00f3n de la directora, Aracely Torres Arango.<\/p>\n\n\n\n<p>Con gritos de \u00abfuera la directora\u00bb y cartulinas es como los padres de familia del CELMA exigen la destituci\u00f3n de la actual directora de la instituci\u00f3n, pues se\u00f1alan que lleva tres a\u00f1os sin entregar cuentas claras de los recursos de la escuela, adem\u00e1s de solapar a profesores se\u00f1alados por acoso sexual en contra de alumnos y alumnas sin hacer nada al respecto.<\/p>\n\n\n\n<p>De tal forma que los padres de familia dicen estar hartos de dicha situaci\u00f3n, por lo que exigen a las autoridades estatales hacer caso a sus quejas y destituir de manera inmediata a Aracely Torres Arango de la direcci\u00f3n del CELMA. Pues despu\u00e9s de tres a\u00f1os de haber dado a conocer todas las anomal\u00edas de dicha profesora ante la SEP, hasta el momento no se tenido ninguna respuesta por parte de la Secretar\u00eda.<\/p>\n","protected":false},"excerpt":{"rendered":"<p>La ma\u00f1ana de este viernes, alumnos y padres de familia del Centro Escolar Lic. Miguel Alem\u00e1n (CELMA), de San Pedro Cholula, se manifestaron a las afueras de la instituci\u00f3n para exigir la destituci\u00f3n de la directora, Aracely Torres Arango. Con gritos de \u00abfuera la directora\u00bb y cartulinas es como los padres de familia del CELMA [&hellip;]<\/p>\n","protected":false},"author":4,"featured_media":19512,"comment_status":"open","ping_status":"open","sticky":false,"template":"","format":"standard","meta":{"om_disable_all_campaigns":false,"_monsterinsights_skip_tracking":false,"_monsterinsights_sitenote_active":false,"_monsterinsights_sitenote_note":"","_monsterinsights_sitenote_category":0,"footnotes":""},"categories":[175],"tags":[223],"class_list":["post-19511","post","type-post","status-publish","format-standard","has-post-thumbnail","hentry","category-local","tag-puebla"],"amp_enabled":true,"_links":{"self":[{"href":"https:\/\/lahora.mx\/index.php\/wp-json\/wp\/v2\/posts\/19511","targetHints":{"allow":["GET"]}}],"collection":[{"href":"https:\/\/lahora.mx\/index.php\/wp-json\/wp\/v2\/posts"}],"about":[{"href":"https:\/\/lahora.mx\/index.php\/wp-json\/wp\/v2\/types\/post"}],"author":[{"embeddable":true,"href":"https:\/\/lahora.mx\/index.php\/wp-json\/wp\/v2\/users\/4"}],"replies":[{"embeddable":true,"href":"https:\/\/lahora.mx\/index.php\/wp-json\/wp\/v2\/comments?post=19511"}],"version-history":[{"count":1,"href":"https:\/\/lahora.mx\/index.php\/wp-json\/wp\/v2\/posts\/19511\/revisions"}],"predecessor-version":[{"id":19513,"href":"https:\/\/lahora.mx\/index.php\/wp-json\/wp\/v2\/posts\/19511\/revisions\/19513"}],"wp:featuredmedia":[{"embeddable":true,"href":"https:\/\/lahora.mx\/index.php\/wp-json\/wp\/v2\/media\/19512"}],"wp:attachment":[{"href":"https:\/\/lahora.mx\/index.php\/wp-json\/wp\/v2\/media?parent=19511"}],"wp:term":[{"taxonomy":"category","embeddable":true,"href":"https:\/\/lahora.mx\/index.php\/wp-json\/wp\/v2\/categories?post=19511"},{"taxonomy":"post_tag","embeddable":true,"href":"https:\/\/lahora.mx\/index.php\/wp-json\/wp\/v2\/tags?post=19511"}],"curies":[{"name":"wp","href":"https:\/\/api.w.org\/{rel}","templated":true}]}}