{"id":19499,"date":"2023-01-13T01:04:56","date_gmt":"2023-01-13T01:04:56","guid":{"rendered":"http:\/\/lahora.mx\/?p=19499"},"modified":"2023-01-13T01:04:57","modified_gmt":"2023-01-13T01:04:57","slug":"consulta-indigena-para-cumplir-con-reformas-a-la-ley-de-educacion-y-ley-de-cultura-comienza-el-proximo-miercoles","status":"publish","type":"post","link":"https:\/\/lahora.mx\/index.php\/2023\/01\/13\/consulta-indigena-para-cumplir-con-reformas-a-la-ley-de-educacion-y-ley-de-cultura-comienza-el-proximo-miercoles\/","title":{"rendered":"Consulta ind\u00edgena para cumplir con reformas a la Ley de Educaci\u00f3n y Ley de Cultura  comienza el pr\u00f3ximo mi\u00e9rcoles"},"content":{"rendered":"\n<p class=\"wp-block-paragraph\">El pr\u00f3ximo mi\u00e9rcoles 18 de enero iniciar\u00e1 formalmente la consulta ind\u00edgena para cumplir con el mandato de la aprobaci\u00f3n de la reforma a la Ley de Educaci\u00f3n y la Ley de Cultura, declar\u00f3 la diputada local, Xel Arianna Hern\u00e1ndez Garc\u00eda, quien mencion\u00f3 que los resultados ser\u00e1n presentados durante el segundo periodo de sesiones del Congreso del Estado.<\/p>\n\n\n\n<p class=\"wp-block-paragraph\">En entrevista con los medios de comunicaci\u00f3n, la presidenta de la Comisi\u00f3n de Educaci\u00f3n detall\u00f3 que ser\u00e1 la pr\u00f3xima semana cuando inicien los trabajos. Record\u00f3 que el objetivo del mismo es recolectar las opiniones de las comunidades ind\u00edgenas para tener una ley con las voces de las personas involucradas.<\/p>\n\n\n\n<p class=\"wp-block-paragraph\">Recibe Congreso del Estado para aumentar penas por extorsi\u00f3n telef\u00f3nica en Puebla<br>Adelant\u00f3 que los trabajos que llevar\u00e1n a cabo diputados, en colaboraci\u00f3n con otras personas y tendr\u00e1n una duraci\u00f3n aproximada de tres semanas. Al t\u00e9rmino se realizar\u00e1 la captura de la informaci\u00f3n para posteriormente realizar el an\u00e1lisis correspondiente de las opiniones vertidas en la consulta e integrarlas a los dict\u00e1menes correspondientes.<\/p>\n\n\n\n<p class=\"wp-block-paragraph\">\u201cArranca ya el d\u00eda 18, es decir, el siguiente mi\u00e9rcoles estaremos ya empezando con todo el tema operativo, con la ejecuci\u00f3n de las mesas de trabajo para generar esta interlocuci\u00f3n, ojal\u00e1 mucha gente participe\u201c, dijo.<\/p>\n\n\n\n<p class=\"wp-block-paragraph\">Indic\u00f3 que buscar\u00e1n que se cuente con una alta afluencia en los 115 municipios ind\u00edgenas, toda vez que se espera una participaci\u00f3n del cinco por ciento de la poblaci\u00f3n de dicho sector para que pueda obtener el car\u00e1cter vinculatorio.<\/p>\n\n\n\n<p class=\"wp-block-paragraph\">La legisladora local asent\u00f3 que conforme a los resultados obtenidos podr\u00edan replicarse estos protocolos para validar la aprobaci\u00f3n de otras iniciativas en el Congreso de Puebla sin tener que hacerse por mandato de las autoridades federales.<\/p>\n","protected":false},"excerpt":{"rendered":"<p>El pr\u00f3ximo mi\u00e9rcoles 18 de enero iniciar\u00e1 formalmente la consulta ind\u00edgena para cumplir con el mandato de la aprobaci\u00f3n de la reforma a la Ley de Educaci\u00f3n y la Ley de Cultura, declar\u00f3 la diputada local, Xel Arianna Hern\u00e1ndez Garc\u00eda, quien mencion\u00f3 que los resultados ser\u00e1n presentados durante el segundo periodo de sesiones del Congreso [&hellip;]<\/p>\n","protected":false},"author":4,"featured_media":19500,"comment_status":"open","ping_status":"open","sticky":false,"template":"","format":"standard","meta":{"om_disable_all_campaigns":false,"_monsterinsights_skip_tracking":false,"footnotes":""},"categories":[176],"tags":[195],"class_list":["post-19499","post","type-post","status-publish","format-standard","has-post-thumbnail","hentry","category-nacional","tag-principal"],"amp_enabled":true,"_links":{"self":[{"href":"https:\/\/lahora.mx\/index.php\/wp-json\/wp\/v2\/posts\/19499","targetHints":{"allow":["GET"]}}],"collection":[{"href":"https:\/\/lahora.mx\/index.php\/wp-json\/wp\/v2\/posts"}],"about":[{"href":"https:\/\/lahora.mx\/index.php\/wp-json\/wp\/v2\/types\/post"}],"author":[{"embeddable":true,"href":"https:\/\/lahora.mx\/index.php\/wp-json\/wp\/v2\/users\/4"}],"replies":[{"embeddable":true,"href":"https:\/\/lahora.mx\/index.php\/wp-json\/wp\/v2\/comments?post=19499"}],"version-history":[{"count":1,"href":"https:\/\/lahora.mx\/index.php\/wp-json\/wp\/v2\/posts\/19499\/revisions"}],"predecessor-version":[{"id":19501,"href":"https:\/\/lahora.mx\/index.php\/wp-json\/wp\/v2\/posts\/19499\/revisions\/19501"}],"wp:featuredmedia":[{"embeddable":true,"href":"https:\/\/lahora.mx\/index.php\/wp-json\/wp\/v2\/media\/19500"}],"wp:attachment":[{"href":"https:\/\/lahora.mx\/index.php\/wp-json\/wp\/v2\/media?parent=19499"}],"wp:term":[{"taxonomy":"category","embeddable":true,"href":"https:\/\/lahora.mx\/index.php\/wp-json\/wp\/v2\/categories?post=19499"},{"taxonomy":"post_tag","embeddable":true,"href":"https:\/\/lahora.mx\/index.php\/wp-json\/wp\/v2\/tags?post=19499"}],"curies":[{"name":"wp","href":"https:\/\/api.w.org\/{rel}","templated":true}]}}