{"id":19493,"date":"2023-01-13T00:36:16","date_gmt":"2023-01-13T00:36:16","guid":{"rendered":"http:\/\/lahora.mx\/?p=19493"},"modified":"2023-01-13T00:36:16","modified_gmt":"2023-01-13T00:36:16","slug":"inaugura-rectora-cubiculo-de-atencion-emocional-y-sala-de-lactancia","status":"publish","type":"post","link":"https:\/\/lahora.mx\/index.php\/2023\/01\/13\/inaugura-rectora-cubiculo-de-atencion-emocional-y-sala-de-lactancia\/","title":{"rendered":"Inaugura Rectora cub\u00edculo de atenci\u00f3n emocional y sala de lactancia"},"content":{"rendered":"\n<p>La Rectora Mar\u00eda Lilia Cedillo Ram\u00edrez inaugur\u00f3 un cub\u00edculo de atenci\u00f3n emocional y una sala de lactancia en la Direcci\u00f3n Institucional de Igualdad de G\u00e9nero, en la Torre de Gesti\u00f3n Acad\u00e9mica y Servicios Administrativos: espacios en los que se resolver\u00e1n problemas socioemocionales y se brindar\u00e1n servicios en el cuidado de la salud, en beneficio de trabajadoras de esta dependencia y de la comunidad universitaria. &nbsp;<\/p>\n\n\n\n<p>\u201cSon muestra de la sensibilidad de los funcionarios hacia estos temas tan importantes para nuestra comunidad, los cuales a todos nos preocupan y ocupan. Precisamente, esos espacios son para que esas actividades se desarrollen en mejores condiciones, en las cuales haya cercan\u00eda, discreci\u00f3n, acompa\u00f1amiento y seguridad del servicio o ayuda, cuando los usuarios est\u00e1n en una situaci\u00f3n vulnerable, si ese es el caso\u201d, se\u00f1al\u00f3.<\/p>\n\n\n\n<p>Asimismo, agradeci\u00f3 al personal de esta dependencia por estar cuando m\u00e1s se necesita y se comprometi\u00f3 a trabajar fuertemente para solucionar estas necesidades observadas en el d\u00eda a d\u00eda de las labores institucionales.<\/p>\n\n\n\n<p>Mar\u00eda del Carmen Garc\u00eda Aguilar, titular de la Direcci\u00f3n Institucional de Igualdad de G\u00e9nero, se\u00f1al\u00f3 que estas \u00e1reas representan la suma de esfuerzos para brindar servicios de calidad y calidez a trabajadoras de la Torre de Gesti\u00f3n Acad\u00e9mica y Servicios Administrativos.<\/p>\n\n\n\n<p>El cub\u00edculo de atenci\u00f3n emocional proporcionar\u00e1 los primeros auxilios psicol\u00f3gicos a los integrantes de la comunidad universitaria, en un ambiente privado, visual y auditivamente, con la finalidad de que expresen sus emociones e ideas.<\/p>\n\n\n\n<p>\u201cAmbos espacios significan estar a la vanguardia y propiciar la igualdad de g\u00e9nero. Son muestra de la posibilidad de generar espacios \u00f3ptimos y de igualdad\u201d, recalc\u00f3 Garc\u00eda Aguilar.<\/p>\n\n\n\n<p>En su intervenci\u00f3n, Vania T\u00e9llez Aguilar, estudiante de la Facultad de Filosof\u00eda y Letras, expres\u00f3 la importancia de tener servicios de atenci\u00f3n emocional, los cuales adem\u00e1s de proporcionar apoyo y acompa\u00f1amiento, brindan orientaci\u00f3n para crecer personal y profesionalmente y son puntos de encuentro para compartir con aquellos que lo necesiten.<\/p>\n\n\n\n<p>Por su parte, Patricia Blanco Garc\u00eda, de la Tesorer\u00eda General, agradeci\u00f3 a la actual gesti\u00f3n por generar condiciones adecuadas para continuar con la maternidad y consolidar los lazos de apego con el beb\u00e9 por medio de la lactancia.<\/p>\n","protected":false},"excerpt":{"rendered":"<p>La Rectora Mar\u00eda Lilia Cedillo Ram\u00edrez inaugur\u00f3 un cub\u00edculo de atenci\u00f3n emocional y una sala de lactancia en la Direcci\u00f3n Institucional de Igualdad de G\u00e9nero, en la Torre de Gesti\u00f3n Acad\u00e9mica y Servicios Administrativos: espacios en los que se resolver\u00e1n problemas socioemocionales y se brindar\u00e1n servicios en el cuidado de la salud, en beneficio de [&hellip;]<\/p>\n","protected":false},"author":4,"featured_media":19494,"comment_status":"open","ping_status":"open","sticky":false,"template":"","format":"standard","meta":{"om_disable_all_campaigns":false,"_monsterinsights_skip_tracking":false,"_monsterinsights_sitenote_active":false,"_monsterinsights_sitenote_note":"","_monsterinsights_sitenote_category":0,"footnotes":""},"categories":[175],"tags":[186,223],"class_list":["post-19493","post","type-post","status-publish","format-standard","has-post-thumbnail","hentry","category-local","tag-buap","tag-puebla"],"amp_enabled":true,"_links":{"self":[{"href":"https:\/\/lahora.mx\/index.php\/wp-json\/wp\/v2\/posts\/19493","targetHints":{"allow":["GET"]}}],"collection":[{"href":"https:\/\/lahora.mx\/index.php\/wp-json\/wp\/v2\/posts"}],"about":[{"href":"https:\/\/lahora.mx\/index.php\/wp-json\/wp\/v2\/types\/post"}],"author":[{"embeddable":true,"href":"https:\/\/lahora.mx\/index.php\/wp-json\/wp\/v2\/users\/4"}],"replies":[{"embeddable":true,"href":"https:\/\/lahora.mx\/index.php\/wp-json\/wp\/v2\/comments?post=19493"}],"version-history":[{"count":1,"href":"https:\/\/lahora.mx\/index.php\/wp-json\/wp\/v2\/posts\/19493\/revisions"}],"predecessor-version":[{"id":19495,"href":"https:\/\/lahora.mx\/index.php\/wp-json\/wp\/v2\/posts\/19493\/revisions\/19495"}],"wp:featuredmedia":[{"embeddable":true,"href":"https:\/\/lahora.mx\/index.php\/wp-json\/wp\/v2\/media\/19494"}],"wp:attachment":[{"href":"https:\/\/lahora.mx\/index.php\/wp-json\/wp\/v2\/media?parent=19493"}],"wp:term":[{"taxonomy":"category","embeddable":true,"href":"https:\/\/lahora.mx\/index.php\/wp-json\/wp\/v2\/categories?post=19493"},{"taxonomy":"post_tag","embeddable":true,"href":"https:\/\/lahora.mx\/index.php\/wp-json\/wp\/v2\/tags?post=19493"}],"curies":[{"name":"wp","href":"https:\/\/api.w.org\/{rel}","templated":true}]}}