{"id":1949,"date":"2022-01-20T23:21:18","date_gmt":"2022-01-20T23:21:18","guid":{"rendered":"http:\/\/lahora.mx\/?p=1949"},"modified":"2022-01-20T23:21:51","modified_gmt":"2022-01-20T23:21:51","slug":"se-curo-ya-del-covid-19-menciona-barbosa","status":"publish","type":"post","link":"https:\/\/lahora.mx\/index.php\/2022\/01\/20\/se-curo-ya-del-covid-19-menciona-barbosa\/","title":{"rendered":"se cur\u00f3 ya del covid-19 menciona Barbosa"},"content":{"rendered":"<p>El gobernador del estado,\u00a0<strong>Luis Miguel Barbosa\u00a0<\/strong>anunci\u00f3 que super\u00f3 ya el covid-19 que contrajo y que se reintegrar\u00e1, desde el lunes pr\u00f3ximo, a sus actividades normales como jefe del Ejecutivo.<\/p>\n<p>El mandatario destac\u00f3 que en estos d\u00edas se manto en confinamiento pero trabajando v\u00eda remota,<br \/>\nademas segur\u00f3 que ya est\u00e1 libre de covid-19 y reanudar\u00e1 actividades presenciales el pr\u00f3ximo lunes<br \/>\nPor su parte, el secretario de Salud, <strong>Jos\u00e9 Antonio Mart\u00ednez Garc\u00eda,\u00a0<\/strong>anunci\u00f3 que se instal\u00f3 en Puebla un m\u00f3dulo permanente de vacunaci\u00f3n contra covid-19. El m\u00f3dulo se ubica en el Complejo M\u00e9dico del Sur, en Agua Santa, y de la log\u00edstica de aplicaci\u00f3n se informar\u00e1 en las pr\u00f3ximas horas.Mart\u00ednez Garc\u00eda tambi\u00e9n dio a conocer que en las \u00faltimas 24 horas, Puebla registr\u00f3 787 nuevos contagios y dos fallecimientos, adem\u00e1s de que hay 173 hospitalizados , 14 con ventilaci\u00f3n asistida. Tambi\u00e9n inform\u00f3 que ya se cuenta con un m\u00f3dulo permanente de vacunaci\u00f3n contra covid-19, ubicada en la colonia Agua Santa del municipio de Puebla<\/p>\n","protected":false},"excerpt":{"rendered":"<p>El gobernador del estado,\u00a0Luis Miguel Barbosa\u00a0anunci\u00f3 que super\u00f3 ya el covid-19 que contrajo y que se reintegrar\u00e1, desde el lunes pr\u00f3ximo, a sus actividades normales como jefe del Ejecutivo. El mandatario destac\u00f3 que en estos d\u00edas se manto en confinamiento pero trabajando v\u00eda remota, ademas segur\u00f3 que ya est\u00e1 libre de covid-19 y reanudar\u00e1 actividades [&hellip;]<\/p>\n","protected":false},"author":4,"featured_media":1950,"comment_status":"open","ping_status":"open","sticky":false,"template":"","format":"standard","meta":{"om_disable_all_campaigns":false,"_monsterinsights_skip_tracking":false,"_monsterinsights_sitenote_active":false,"_monsterinsights_sitenote_note":"","_monsterinsights_sitenote_category":0,"footnotes":""},"categories":[175],"tags":[195],"class_list":["post-1949","post","type-post","status-publish","format-standard","has-post-thumbnail","hentry","category-local","tag-principal"],"amp_enabled":true,"_links":{"self":[{"href":"https:\/\/lahora.mx\/index.php\/wp-json\/wp\/v2\/posts\/1949","targetHints":{"allow":["GET"]}}],"collection":[{"href":"https:\/\/lahora.mx\/index.php\/wp-json\/wp\/v2\/posts"}],"about":[{"href":"https:\/\/lahora.mx\/index.php\/wp-json\/wp\/v2\/types\/post"}],"author":[{"embeddable":true,"href":"https:\/\/lahora.mx\/index.php\/wp-json\/wp\/v2\/users\/4"}],"replies":[{"embeddable":true,"href":"https:\/\/lahora.mx\/index.php\/wp-json\/wp\/v2\/comments?post=1949"}],"version-history":[{"count":2,"href":"https:\/\/lahora.mx\/index.php\/wp-json\/wp\/v2\/posts\/1949\/revisions"}],"predecessor-version":[{"id":1952,"href":"https:\/\/lahora.mx\/index.php\/wp-json\/wp\/v2\/posts\/1949\/revisions\/1952"}],"wp:featuredmedia":[{"embeddable":true,"href":"https:\/\/lahora.mx\/index.php\/wp-json\/wp\/v2\/media\/1950"}],"wp:attachment":[{"href":"https:\/\/lahora.mx\/index.php\/wp-json\/wp\/v2\/media?parent=1949"}],"wp:term":[{"taxonomy":"category","embeddable":true,"href":"https:\/\/lahora.mx\/index.php\/wp-json\/wp\/v2\/categories?post=1949"},{"taxonomy":"post_tag","embeddable":true,"href":"https:\/\/lahora.mx\/index.php\/wp-json\/wp\/v2\/tags?post=1949"}],"curies":[{"name":"wp","href":"https:\/\/api.w.org\/{rel}","templated":true}]}}