{"id":19480,"date":"2023-01-12T23:14:29","date_gmt":"2023-01-12T23:14:29","guid":{"rendered":"http:\/\/lahora.mx\/?p=19480"},"modified":"2023-01-12T23:14:30","modified_gmt":"2023-01-12T23:14:30","slug":"asalto-a-elektra-de-recta-a-cholula-genera-una-movilizacion-policiaca","status":"publish","type":"post","link":"https:\/\/lahora.mx\/index.php\/2023\/01\/12\/asalto-a-elektra-de-recta-a-cholula-genera-una-movilizacion-policiaca\/","title":{"rendered":"Asalto a Elektra de Recta a Cholula genera una movilizaci\u00f3n policiaca"},"content":{"rendered":"\n<p>Varios sujetos perpetraron un asalto a Elektra en la Recta a Cholula, con direcci\u00f3n a la ciudad de Puebla de donde robaron tel\u00e9fonos celulares la tarde de hoy 12 de enero.<\/p>\n\n\n\n<p>De acuerdo con las primeras versiones fueron tres sujetos armados los que ingresaron al establecimiento para perpetrar el asalto en San Andr\u00e9s Cholula, una vez adentro amagaron a los empleados para luego hacerse del bot\u00edn.<br>Hasta el lugar llegaron agentes de la Fiscal\u00eda General del Estado (FGE), Seguridad P\u00fablica y Protecci\u00f3n Ciudadana municipal para iniciar con las investigaciones correspondientes tras el violento atraco.<\/p>\n\n\n\n<p>Hasta el momento no se reportan personas fallecidas o heridas tras el asalto. De igual forma se desconoce la cantidad de celulares sustra\u00eddos de manera violenta por los sujetos que tras cometer el il\u00edcito escaparon en un veh\u00edculo.<\/p>\n\n\n\n<p>Las noticias al momento: suscr\u00edbete al canal de Telegram de e-consulta<\/p>\n\n\n\n<p>Se espera que en los pr\u00f3ximos minutos las autoridades puedan esclarecer la identidad de los sujetos que cometieron el asalto a Elektra en la Recta a Cholula.<\/p>\n","protected":false},"excerpt":{"rendered":"<p>Varios sujetos perpetraron un asalto a Elektra en la Recta a Cholula, con direcci\u00f3n a la ciudad de Puebla de donde robaron tel\u00e9fonos celulares la tarde de hoy 12 de enero. De acuerdo con las primeras versiones fueron tres sujetos armados los que ingresaron al establecimiento para perpetrar el asalto en San Andr\u00e9s Cholula, una [&hellip;]<\/p>\n","protected":false},"author":4,"featured_media":19481,"comment_status":"open","ping_status":"open","sticky":false,"template":"","format":"standard","meta":{"om_disable_all_campaigns":false,"_monsterinsights_skip_tracking":false,"_monsterinsights_sitenote_active":false,"_monsterinsights_sitenote_note":"","_monsterinsights_sitenote_category":0,"footnotes":""},"categories":[175,226],"tags":[223],"class_list":["post-19480","post","type-post","status-publish","format-standard","has-post-thumbnail","hentry","category-local","category-policia","tag-puebla"],"amp_enabled":true,"_links":{"self":[{"href":"https:\/\/lahora.mx\/index.php\/wp-json\/wp\/v2\/posts\/19480","targetHints":{"allow":["GET"]}}],"collection":[{"href":"https:\/\/lahora.mx\/index.php\/wp-json\/wp\/v2\/posts"}],"about":[{"href":"https:\/\/lahora.mx\/index.php\/wp-json\/wp\/v2\/types\/post"}],"author":[{"embeddable":true,"href":"https:\/\/lahora.mx\/index.php\/wp-json\/wp\/v2\/users\/4"}],"replies":[{"embeddable":true,"href":"https:\/\/lahora.mx\/index.php\/wp-json\/wp\/v2\/comments?post=19480"}],"version-history":[{"count":1,"href":"https:\/\/lahora.mx\/index.php\/wp-json\/wp\/v2\/posts\/19480\/revisions"}],"predecessor-version":[{"id":19482,"href":"https:\/\/lahora.mx\/index.php\/wp-json\/wp\/v2\/posts\/19480\/revisions\/19482"}],"wp:featuredmedia":[{"embeddable":true,"href":"https:\/\/lahora.mx\/index.php\/wp-json\/wp\/v2\/media\/19481"}],"wp:attachment":[{"href":"https:\/\/lahora.mx\/index.php\/wp-json\/wp\/v2\/media?parent=19480"}],"wp:term":[{"taxonomy":"category","embeddable":true,"href":"https:\/\/lahora.mx\/index.php\/wp-json\/wp\/v2\/categories?post=19480"},{"taxonomy":"post_tag","embeddable":true,"href":"https:\/\/lahora.mx\/index.php\/wp-json\/wp\/v2\/tags?post=19480"}],"curies":[{"name":"wp","href":"https:\/\/api.w.org\/{rel}","templated":true}]}}