{"id":19477,"date":"2023-01-12T22:54:16","date_gmt":"2023-01-12T22:54:16","guid":{"rendered":"http:\/\/lahora.mx\/?p=19477"},"modified":"2023-01-12T22:54:17","modified_gmt":"2023-01-12T22:54:17","slug":"recomienda-proteccion-civil-de-huamantla-mantener-medidas-preventivas-por-frentes-frios","status":"publish","type":"post","link":"https:\/\/lahora.mx\/index.php\/2023\/01\/12\/recomienda-proteccion-civil-de-huamantla-mantener-medidas-preventivas-por-frentes-frios\/","title":{"rendered":"Recomienda protecci\u00f3n civil de Huamantla mantener medidas preventivas por frentes fr\u00edos"},"content":{"rendered":"\n<p>Derivado de las bajas temperaturas en la zona oriente del estado de Tlaxcala, el Gobierno Municipal de Huamantla hace un llamado a la poblaci\u00f3n a extremar precauciones ante la llegada de frentes fr\u00edos.<\/p>\n\n\n\n<p>La Coordinaci\u00f3n de Protecci\u00f3n Civil de Huamantla informa que, debido al ingreso de estos frentes fr\u00edos, se prev\u00e9 que se presenten bajas temperaturas de 0 a 5\u00b0C grados en algunos puntos del municipio.<\/p>\n\n\n\n<p>Por ello, las autoridades municipales llaman a la ciudadan\u00eda a evitar los cambios bruscos de temperatura, cubriendo nariz y boca, usar ropa t\u00e9rmica y abrigadora, as\u00ed como ingerir bebidas calientes, esto ante el repunte de casos de infecciones respiratorias.<\/p>\n\n\n\n<p>De igual manera, eviten el uso de anafres o fogatas al interior de viviendas, esto para prevenir alg\u00fan accidente.<\/p>\n\n\n\n<p>Finalmente, se invita a los vecinos huamantlecos a aplicarse las vacunas de la influenza y covid-19, principalmente a los ni\u00f1os de 6 meses a 5 a\u00f1os, as\u00ed como adultos mayores o personas con enfermedades cr\u00f3nico degenerativas ya que son m\u00e1s vulnerables.<\/p>\n","protected":false},"excerpt":{"rendered":"<p>Derivado de las bajas temperaturas en la zona oriente del estado de Tlaxcala, el Gobierno Municipal de Huamantla hace un llamado a la poblaci\u00f3n a extremar precauciones ante la llegada de frentes fr\u00edos. La Coordinaci\u00f3n de Protecci\u00f3n Civil de Huamantla informa que, debido al ingreso de estos frentes fr\u00edos, se prev\u00e9 que se presenten bajas [&hellip;]<\/p>\n","protected":false},"author":4,"featured_media":19478,"comment_status":"open","ping_status":"open","sticky":false,"template":"","format":"standard","meta":{"om_disable_all_campaigns":false,"_monsterinsights_skip_tracking":false,"_monsterinsights_sitenote_active":false,"_monsterinsights_sitenote_note":"","_monsterinsights_sitenote_category":0,"footnotes":""},"categories":[175],"tags":[223,210],"class_list":["post-19477","post","type-post","status-publish","format-standard","has-post-thumbnail","hentry","category-local","tag-puebla","tag-tlaxcala"],"amp_enabled":true,"_links":{"self":[{"href":"https:\/\/lahora.mx\/index.php\/wp-json\/wp\/v2\/posts\/19477","targetHints":{"allow":["GET"]}}],"collection":[{"href":"https:\/\/lahora.mx\/index.php\/wp-json\/wp\/v2\/posts"}],"about":[{"href":"https:\/\/lahora.mx\/index.php\/wp-json\/wp\/v2\/types\/post"}],"author":[{"embeddable":true,"href":"https:\/\/lahora.mx\/index.php\/wp-json\/wp\/v2\/users\/4"}],"replies":[{"embeddable":true,"href":"https:\/\/lahora.mx\/index.php\/wp-json\/wp\/v2\/comments?post=19477"}],"version-history":[{"count":1,"href":"https:\/\/lahora.mx\/index.php\/wp-json\/wp\/v2\/posts\/19477\/revisions"}],"predecessor-version":[{"id":19479,"href":"https:\/\/lahora.mx\/index.php\/wp-json\/wp\/v2\/posts\/19477\/revisions\/19479"}],"wp:featuredmedia":[{"embeddable":true,"href":"https:\/\/lahora.mx\/index.php\/wp-json\/wp\/v2\/media\/19478"}],"wp:attachment":[{"href":"https:\/\/lahora.mx\/index.php\/wp-json\/wp\/v2\/media?parent=19477"}],"wp:term":[{"taxonomy":"category","embeddable":true,"href":"https:\/\/lahora.mx\/index.php\/wp-json\/wp\/v2\/categories?post=19477"},{"taxonomy":"post_tag","embeddable":true,"href":"https:\/\/lahora.mx\/index.php\/wp-json\/wp\/v2\/tags?post=19477"}],"curies":[{"name":"wp","href":"https:\/\/api.w.org\/{rel}","templated":true}]}}