{"id":19472,"date":"2023-01-12T22:41:03","date_gmt":"2023-01-12T22:41:03","guid":{"rendered":"http:\/\/lahora.mx\/?p=19472"},"modified":"2023-01-12T22:41:04","modified_gmt":"2023-01-12T22:41:04","slug":"convoca-ayuntamiento-de-huamantla-a-participar-en-el-concurso-de-seleccion-de-elementos-de-seguridad","status":"publish","type":"post","link":"https:\/\/lahora.mx\/index.php\/2023\/01\/12\/convoca-ayuntamiento-de-huamantla-a-participar-en-el-concurso-de-seleccion-de-elementos-de-seguridad\/","title":{"rendered":"Convoca ayuntamiento de Huamantla a participar en el concurso de selecci\u00f3n de elementos de seguridad"},"content":{"rendered":"\n<p>Con el prop\u00f3sito de fortalecer los cuerpos de seguridad p\u00fablica en el municipio, el H. Ayuntamiento de Huamantla, que preside Salvador Santos Cedillo, a trav\u00e9s de la Direcci\u00f3n de Seguridad P\u00fablica, Tr\u00e1nsito y Protecci\u00f3n Civil, convocan a mujeres y hombres a participar en el concurso de reclutamiento, selecci\u00f3n e ingreso, para incorporarse como polic\u00edas municipales.<\/p>\n\n\n\n<p>Los interesados deber\u00e1n presentarse en las oficinas de la Direcci\u00f3n de Seguridad P\u00fablica municipal a dejar sus documentos, entre los que se encuentran: Curriculum Vitae, Acta de Nacimiento, Credencial de Elector, Cartilla Militar, C\u00e9dula del Registro Federal de Contribuyentes, entre otros.<\/p>\n\n\n\n<p>Los aspirantes deber\u00e1n ser ciudadanos mexicanos y estar en pleno ejercicio de sus derechos pol\u00edticos y civiles, tener entre 18 a 20 a\u00f1os cumplidos como m\u00ednimo y m\u00e1ximo 45 a\u00f1os, la estatura m\u00ednima para hombres ser\u00e1 de 1.60 metros y para mujeres 1.45 metros, as\u00ed como aprobar los cursos de ingreso y de formaci\u00f3n, por citar algunos.<\/p>\n\n\n\n<figure class=\"wp-block-image size-full\"><img fetchpriority=\"high\" decoding=\"async\" width=\"651\" height=\"428\" src=\"https:\/\/lahora.mx\/wp-content\/uploads\/2023\/01\/Captura-de-pantalla-2023-01-12-a-las-16.39.45.png\" alt=\"\" class=\"wp-image-19475\" srcset=\"https:\/\/lahora.mx\/wp-content\/uploads\/2023\/01\/Captura-de-pantalla-2023-01-12-a-las-16.39.45.png 651w, https:\/\/lahora.mx\/wp-content\/uploads\/2023\/01\/Captura-de-pantalla-2023-01-12-a-las-16.39.45-300x197.png 300w\" sizes=\"(max-width: 651px) 100vw, 651px\" \/><\/figure>\n\n\n\n<p>Una vez realizado su registro, los aspirantes deber\u00e1n acudir a los lugares y fechas que en su momento se les notifique para la realizaci\u00f3n de sus evaluaciones; aquellos que aprueben las evaluaciones y ex\u00e1menes de control de confianza, ingresar\u00e1n al Curso B\u00e1sico de Formaci\u00f3n Inicial.<\/p>\n\n\n\n<p>Finalmente, la autoridad municipal se\u00f1ala que, quienes sean admitidos en el Curso B\u00e1sico de Formaci\u00f3n Inicial, recibir\u00e1n durante el mismo, un apoyo econ\u00f3mico de acuerdo al presupuesto autorizado y disposiciones normativas aplicables. Los resultados de las evaluaciones y la resoluci\u00f3n sobre la procedencia o no de su ingreso a la formaci\u00f3n inicial ser\u00e1n definitivos, inapelables y confidenciales.<\/p>\n","protected":false},"excerpt":{"rendered":"<p>Con el prop\u00f3sito de fortalecer los cuerpos de seguridad p\u00fablica en el municipio, el H. Ayuntamiento de Huamantla, que preside Salvador Santos Cedillo, a trav\u00e9s de la Direcci\u00f3n de Seguridad P\u00fablica, Tr\u00e1nsito y Protecci\u00f3n Civil, convocan a mujeres y hombres a participar en el concurso de reclutamiento, selecci\u00f3n e ingreso, para incorporarse como polic\u00edas municipales. [&hellip;]<\/p>\n","protected":false},"author":4,"featured_media":19474,"comment_status":"open","ping_status":"open","sticky":false,"template":"","format":"standard","meta":{"om_disable_all_campaigns":false,"_monsterinsights_skip_tracking":false,"_monsterinsights_sitenote_active":false,"_monsterinsights_sitenote_note":"","_monsterinsights_sitenote_category":0,"footnotes":""},"categories":[175],"tags":[223,210],"class_list":["post-19472","post","type-post","status-publish","format-standard","has-post-thumbnail","hentry","category-local","tag-puebla","tag-tlaxcala"],"amp_enabled":true,"_links":{"self":[{"href":"https:\/\/lahora.mx\/index.php\/wp-json\/wp\/v2\/posts\/19472","targetHints":{"allow":["GET"]}}],"collection":[{"href":"https:\/\/lahora.mx\/index.php\/wp-json\/wp\/v2\/posts"}],"about":[{"href":"https:\/\/lahora.mx\/index.php\/wp-json\/wp\/v2\/types\/post"}],"author":[{"embeddable":true,"href":"https:\/\/lahora.mx\/index.php\/wp-json\/wp\/v2\/users\/4"}],"replies":[{"embeddable":true,"href":"https:\/\/lahora.mx\/index.php\/wp-json\/wp\/v2\/comments?post=19472"}],"version-history":[{"count":1,"href":"https:\/\/lahora.mx\/index.php\/wp-json\/wp\/v2\/posts\/19472\/revisions"}],"predecessor-version":[{"id":19476,"href":"https:\/\/lahora.mx\/index.php\/wp-json\/wp\/v2\/posts\/19472\/revisions\/19476"}],"wp:featuredmedia":[{"embeddable":true,"href":"https:\/\/lahora.mx\/index.php\/wp-json\/wp\/v2\/media\/19474"}],"wp:attachment":[{"href":"https:\/\/lahora.mx\/index.php\/wp-json\/wp\/v2\/media?parent=19472"}],"wp:term":[{"taxonomy":"category","embeddable":true,"href":"https:\/\/lahora.mx\/index.php\/wp-json\/wp\/v2\/categories?post=19472"},{"taxonomy":"post_tag","embeddable":true,"href":"https:\/\/lahora.mx\/index.php\/wp-json\/wp\/v2\/tags?post=19472"}],"curies":[{"name":"wp","href":"https:\/\/api.w.org\/{rel}","templated":true}]}}